{"id":143412,"date":"2025-01-14T11:18:17","date_gmt":"2025-01-14T14:18:17","guid":{"rendered":"https:\/\/vinasfm.com\/noticias\/?p=143412"},"modified":"2025-01-15T09:40:35","modified_gmt":"2025-01-15T12:40:35","slug":"defensa-civil-intensifica-la-lucha-contra-el-dengue-en-general-alvear","status":"publish","type":"post","link":"https:\/\/vinasfm.com\/noticias\/defensa-civil-intensifica-la-lucha-contra-el-dengue-en-general-alvear\/","title":{"rendered":"DEFENSA CIVIL INTENSIFICA LA LUCHA CONTRA EL DENGUE EN GENERAL ALVEAR"},"content":{"rendered":"<h4><span style=\"color: #000000;\">Ante la amenaza del dengue, las autoridades de General Alvear han redoblado esfuerzos para prevenir la propagaci\u00f3n del virus. <\/span><\/h4>\n<p><span style=\"color: #000000;\">En di\u00e1logo con <strong><span style=\"color: #003366;\">FM VI\u00d1AS<\/span><\/strong>, el <em>director de Defensa Civil<\/em>, <strong>Javier Velasco<\/strong>, destac\u00f3 las acciones que se est\u00e1n llevando a cabo en el departamento.<\/span><\/p>\n<p><span style=\"color: #000000;\"><em><strong>\u00abEstamos trabajando de manera intensiva para evitar una situaci\u00f3n similar a la del a\u00f1o pasado\u00bb<\/strong><\/em>, afirm\u00f3 Velasco. Seg\u00fan el funcionario, <strong>desde hace varios meses se han intensificado las fumigaciones en todos los barrios del departamento, incluyendo zonas rurales como San Pedro del Atuel, Bowen y Alvear Oeste.<\/strong><\/span><\/p>\n<p><span style=\"color: #000000;\"><strong><em>\u00abGracias a la adquisici\u00f3n de nuevas m\u00e1quinas y a la planificaci\u00f3n de tareas, hemos logrado cubrir una gran superficie en poco tiempo\u00bb<\/em><\/strong>, explic\u00f3 Velasco. La estrategia consiste en realizar fumigaciones diarias, aprovechando las horas de menor viento para garantizar la efectividad del tratamiento.<\/span><\/p>\n<p><span style=\"color: #000000;\"><strong><em>\u00abEs importante destacar que, hasta el momento, no se han registrado casos aut\u00f3ctonos de dengue en General Alvear\u00bb<\/em><\/strong>, se\u00f1al\u00f3 Velasco. Sin embargo, reconoci\u00f3 que la situaci\u00f3n epidemiol\u00f3gica en Mendoza es compleja y que es fundamental mantener la vigilancia y las medidas preventivas.<\/span><\/p>\n","protected":false},"excerpt":{"rendered":"<p>Ante la amenaza del dengue, las autoridades de General Alvear han redoblado esfuerzos para prevenir la propagaci\u00f3n del virus. En di\u00e1logo &#8230;<\/p>\n","protected":false},"author":7,"featured_media":143414,"comment_status":"open","ping_status":"open","sticky":false,"template":"","format":"standard","meta":{"footnotes":""},"categories":[51,15],"tags":[],"class_list":["post-143412","post","type-post","status-publish","format-standard","has-post-thumbnail","hentry","category-defensa-civil","category-salud"],"_links":{"self":[{"href":"https:\/\/vinasfm.com\/noticias\/wp-json\/wp\/v2\/posts\/143412","targetHints":{"allow":["GET"]}}],"collection":[{"href":"https:\/\/vinasfm.com\/noticias\/wp-json\/wp\/v2\/posts"}],"about":[{"href":"https:\/\/vinasfm.com\/noticias\/wp-json\/wp\/v2\/types\/post"}],"author":[{"embeddable":true,"href":"https:\/\/vinasfm.com\/noticias\/wp-json\/wp\/v2\/users\/7"}],"replies":[{"embeddable":true,"href":"https:\/\/vinasfm.com\/noticias\/wp-json\/wp\/v2\/comments?post=143412"}],"version-history":[{"count":1,"href":"https:\/\/vinasfm.com\/noticias\/wp-json\/wp\/v2\/posts\/143412\/revisions"}],"predecessor-version":[{"id":143415,"href":"https:\/\/vinasfm.com\/noticias\/wp-json\/wp\/v2\/posts\/143412\/revisions\/143415"}],"wp:featuredmedia":[{"embeddable":true,"href":"https:\/\/vinasfm.com\/noticias\/wp-json\/wp\/v2\/media\/143414"}],"wp:attachment":[{"href":"https:\/\/vinasfm.com\/noticias\/wp-json\/wp\/v2\/media?parent=143412"}],"wp:term":[{"taxonomy":"category","embeddable":true,"href":"https:\/\/vinasfm.com\/noticias\/wp-json\/wp\/v2\/categories?post=143412"},{"taxonomy":"post_tag","embeddable":true,"href":"https:\/\/vinasfm.com\/noticias\/wp-json\/wp\/v2\/tags?post=143412"}],"curies":[{"name":"wp","href":"https:\/\/api.w.org\/{rel}","templated":true}]}}