{"id":143402,"date":"2025-01-14T08:55:13","date_gmt":"2025-01-14T11:55:13","guid":{"rendered":"https:\/\/vinasfm.com\/noticias\/?p=143402"},"modified":"2025-01-15T09:41:55","modified_gmt":"2025-01-15T12:41:55","slug":"crecio-la-venta-de-frutas-y-hortalizas-de-mendoza-en-el-exterior","status":"publish","type":"post","link":"https:\/\/vinasfm.com\/noticias\/crecio-la-venta-de-frutas-y-hortalizas-de-mendoza-en-el-exterior\/","title":{"rendered":"CRECI\u00d3 LA VENTA DE FRUTAS Y HORTALIZAS DE MENDOZA EN EL EXTERIOR"},"content":{"rendered":"<h4><span style=\"color: #000000;\"><strong>Las frutas y hortalizas de Mendoza aumentaron su presencia en el exterior durante 2024. La cifra se desprende del comparativo de exportaciones de Mendoza 2023-2024 hasta noviembre, seg\u00fan informaci\u00f3n procesada por el \u00e1rea de Inteligencia Comercial de ProMendoza, en base a datos de DEIE-INDEC 2024.<\/strong><\/span><\/h4>\n<p><span style=\"color: #000000;\">Dentro de las hortalizas, se destaca el ajo, que creci\u00f3 64% en valores FOB. <strong>Hasta noviembre de 2023, se exportaron 59,6 millones de d\u00f3lares, mientras que en 2024 la cifra ascendi\u00f3 a 97,8 millones de d\u00f3lares. En t\u00e9rminos de volumen, las ventas de ajo crecieron 29%, pasando de 65,5 millones de kilos en 2023 a 84,5 millones de kilos en 2024.<\/strong><\/span><\/p>\n<p><span style=\"color: #000000;\"><em><strong>\u201cEl ajo creci\u00f3 en ventas FOB debido a la afectaci\u00f3n clim\u00e1tica que sufrieron China y Espa\u00f1a \u2013pa\u00edses con gran producci\u00f3n mundial de ajo\u2013, lo cual aument\u00f3 el precio. Adem\u00e1s, se suma que Mendoza tuvo un buen a\u00f1o clim\u00e1tico, lo que optimiz\u00f3 la producci\u00f3n, por eso tuvimos m\u00e1s producto para cubrir la demanda mundial\u201d<\/strong><\/em>, explic\u00f3 <span style=\"color: #000080;\"><strong>Gerardo Arribas,<\/strong><\/span> <em>responsable del \u00e1rea de alimentos frescos de ProMendoza.<\/em><\/span><\/p>\n<p><span style=\"color: #000000;\">En este rubro de vegetales, tambi\u00e9n se destaca el crecimiento de la comercializaci\u00f3n externa de cebollas, con un total FOB exportado de 7,5 millones de d\u00f3lares, lo que representa 57% m\u00e1s que en 2023.<\/span><\/p>\n<p><span style=\"color: #000000;\"><strong><em>\u201cBrasil se destaca como el pa\u00eds que m\u00e1s cebolla mendocina import\u00f3 en 2024, debido a que gran parte de su producci\u00f3n local se vio afectada por las inundaciones ocurridas entre abril y mayo en el sur de su pa\u00eds\u201d<\/em><\/strong>, a\u00f1adi\u00f3 Arribas.<\/span><\/p>\n<p><span style=\"color: #000000;\">Por su parte, las nueces tambi\u00e9n tuvieron un gran crecimiento tanto en FOB como en peso neto.<strong> Las nueces con c\u00e1scara crecieron en exportaciones 67%, alcanzando un total FOB de 8,7 millones de d\u00f3lares, mientras que las nueces sin c\u00e1scara aumentaron 87%, con un total exportado de 4,7 millones de d\u00f3lares.<\/strong><\/span><\/p>\n<p><span style=\"color: #000000;\"><strong><em>\u201cEn l\u00edneas generales, sabemos que el crecimiento de exportaciones de nueces se debe a que la demanda mundial de India creci\u00f3 en 2024, adquiriendo gran parte de la producci\u00f3n chilena. Es por ello que Italia, entre otros pa\u00edses, se volc\u00f3 a comprar nueces en Argentina. Es alentador que tengamos un mayor porcentaje de crecimiento en las nueces sin c\u00e1scara, porque eso le suma valor agregado, lo que se traduce en m\u00e1s trabajo en la provincia\u201d<\/em><\/strong>, agreg\u00f3 Arribas.<\/span><\/p>\n<p><span style=\"color: #000000;\">Por \u00faltimo, las frutas de carozo \u2013que incluyen mayoritariamente ciruelas, duraznos y cerezas\u2013 crecieron 197% en FOB, alcanzando un total de 7,5 millones de d\u00f3lares, y 128% en peso neto, con m\u00e1s de 6,4 millones de kilos vendidos. Los pa\u00edses que m\u00e1s fruta de carozo importaron fueron Estados Unidos, Brasil y China.<\/span><\/p>\n","protected":false},"excerpt":{"rendered":"<p>Las frutas y hortalizas de Mendoza aumentaron su presencia en el exterior durante 2024. La cifra se desprende del comparativo de &#8230;<\/p>\n","protected":false},"author":7,"featured_media":143403,"comment_status":"open","ping_status":"open","sticky":false,"template":"","format":"standard","meta":{"footnotes":""},"categories":[14,69],"tags":[],"class_list":["post-143402","post","type-post","status-publish","format-standard","has-post-thumbnail","hentry","category-agro","category-comercio"],"_links":{"self":[{"href":"https:\/\/vinasfm.com\/noticias\/wp-json\/wp\/v2\/posts\/143402","targetHints":{"allow":["GET"]}}],"collection":[{"href":"https:\/\/vinasfm.com\/noticias\/wp-json\/wp\/v2\/posts"}],"about":[{"href":"https:\/\/vinasfm.com\/noticias\/wp-json\/wp\/v2\/types\/post"}],"author":[{"embeddable":true,"href":"https:\/\/vinasfm.com\/noticias\/wp-json\/wp\/v2\/users\/7"}],"replies":[{"embeddable":true,"href":"https:\/\/vinasfm.com\/noticias\/wp-json\/wp\/v2\/comments?post=143402"}],"version-history":[{"count":1,"href":"https:\/\/vinasfm.com\/noticias\/wp-json\/wp\/v2\/posts\/143402\/revisions"}],"predecessor-version":[{"id":143404,"href":"https:\/\/vinasfm.com\/noticias\/wp-json\/wp\/v2\/posts\/143402\/revisions\/143404"}],"wp:featuredmedia":[{"embeddable":true,"href":"https:\/\/vinasfm.com\/noticias\/wp-json\/wp\/v2\/media\/143403"}],"wp:attachment":[{"href":"https:\/\/vinasfm.com\/noticias\/wp-json\/wp\/v2\/media?parent=143402"}],"wp:term":[{"taxonomy":"category","embeddable":true,"href":"https:\/\/vinasfm.com\/noticias\/wp-json\/wp\/v2\/categories?post=143402"},{"taxonomy":"post_tag","embeddable":true,"href":"https:\/\/vinasfm.com\/noticias\/wp-json\/wp\/v2\/tags?post=143402"}],"curies":[{"name":"wp","href":"https:\/\/api.w.org\/{rel}","templated":true}]}}