{"id":143365,"date":"2025-01-13T09:13:48","date_gmt":"2025-01-13T12:13:48","guid":{"rendered":"https:\/\/vinasfm.com\/noticias\/?p=143365"},"modified":"2025-01-13T10:08:13","modified_gmt":"2025-01-13T13:08:13","slug":"tormentas-granizo-y-calor-mendoza-bajo-alerta-amarilla","status":"publish","type":"post","link":"https:\/\/vinasfm.com\/noticias\/tormentas-granizo-y-calor-mendoza-bajo-alerta-amarilla\/","title":{"rendered":"TORMENTAS, GRANIZO Y CALOR: MENDOZA BAJO ALERTA AMARILLA"},"content":{"rendered":"<h4><span style=\"color: #000000;\">La semana inici\u00f3 con un clima inestable en Mendoza, que permanece bajo alerta amarilla por tormentas.<\/span><\/h4>\n<p><span style=\"color: #000000;\">\u00a0Seg\u00fan inform\u00f3 el <strong>Servicio Meteorol\u00f3gico Nacional<\/strong>, las \u00e1reas cordilleranas de Tunuy\u00e1n, Tupungato, Las Heras y Luj\u00e1n de Cuyo enfrentar\u00e1n esta tarde precipitaciones intensas y fen\u00f3menos severos.<\/span><\/p>\n<p><span style=\"color: #000000;\">Se\u00a0<strong>pronostican\u00a0<\/strong>tormentas aisladas, algunas localmente fuertes, acompa\u00f1adas de abundante ca\u00edda de agua en cortos per\u00edodos, intensa actividad el\u00e9ctrica, r\u00e1fagas que podr\u00edan superar los 60 km\/h y posible granizo. Los valores de precipitaci\u00f3n acumulada oscilar\u00e1n entre los 20 y 45 mm, aunque podr\u00edan ser mayores en algunos sectores puntuales. En zonas de alta monta\u00f1a, no se descarta la presencia de granizo mezclado con nieve, un fen\u00f3meno poco com\u00fan en esta \u00e9poca del a\u00f1o.<\/span><\/p>\n<p><img decoding=\"async\" src=\"https:\/\/www.mdzol.com\/u\/fotografias\/m\/2025\/1\/12\/f768x1-1700678_1700805_0.png\" \/><\/p>\n<p><span style=\"color: #000000;\">En el Gran Mendoza, el d\u00eda ser\u00e1 parcialmente nublado, con poco cambio de temperatura. Por la tarde, podr\u00edan registrarse tormentas aisladas, mientras la m\u00e1xima alcanzar\u00e1 los 34\u00b0 y la m\u00ednima ser\u00e1 de 22\u00b0. Para el resto de la semana, se esperan jornadas calurosas y condiciones variables, marcadas por posibles chaparrones en algunos sectores.<\/span><\/p>\n","protected":false},"excerpt":{"rendered":"<p>La semana inici\u00f3 con un clima inestable en Mendoza, que permanece bajo alerta amarilla por tormentas. \u00a0Seg\u00fan inform\u00f3 el Servicio Meteorol\u00f3gico &#8230;<\/p>\n","protected":false},"author":7,"featured_media":143366,"comment_status":"open","ping_status":"open","sticky":false,"template":"","format":"standard","meta":{"footnotes":""},"categories":[1],"tags":[],"class_list":["post-143365","post","type-post","status-publish","format-standard","has-post-thumbnail","hentry","category-fmvinas"],"_links":{"self":[{"href":"https:\/\/vinasfm.com\/noticias\/wp-json\/wp\/v2\/posts\/143365","targetHints":{"allow":["GET"]}}],"collection":[{"href":"https:\/\/vinasfm.com\/noticias\/wp-json\/wp\/v2\/posts"}],"about":[{"href":"https:\/\/vinasfm.com\/noticias\/wp-json\/wp\/v2\/types\/post"}],"author":[{"embeddable":true,"href":"https:\/\/vinasfm.com\/noticias\/wp-json\/wp\/v2\/users\/7"}],"replies":[{"embeddable":true,"href":"https:\/\/vinasfm.com\/noticias\/wp-json\/wp\/v2\/comments?post=143365"}],"version-history":[{"count":3,"href":"https:\/\/vinasfm.com\/noticias\/wp-json\/wp\/v2\/posts\/143365\/revisions"}],"predecessor-version":[{"id":143382,"href":"https:\/\/vinasfm.com\/noticias\/wp-json\/wp\/v2\/posts\/143365\/revisions\/143382"}],"wp:featuredmedia":[{"embeddable":true,"href":"https:\/\/vinasfm.com\/noticias\/wp-json\/wp\/v2\/media\/143366"}],"wp:attachment":[{"href":"https:\/\/vinasfm.com\/noticias\/wp-json\/wp\/v2\/media?parent=143365"}],"wp:term":[{"taxonomy":"category","embeddable":true,"href":"https:\/\/vinasfm.com\/noticias\/wp-json\/wp\/v2\/categories?post=143365"},{"taxonomy":"post_tag","embeddable":true,"href":"https:\/\/vinasfm.com\/noticias\/wp-json\/wp\/v2\/tags?post=143365"}],"curies":[{"name":"wp","href":"https:\/\/api.w.org\/{rel}","templated":true}]}}