{"id":143335,"date":"2025-01-11T10:07:00","date_gmt":"2025-01-11T13:07:00","guid":{"rendered":"https:\/\/vinasfm.com\/noticias\/?p=143335"},"modified":"2025-01-13T10:00:33","modified_gmt":"2025-01-13T13:00:33","slug":"servicios-publicos-incrementa-el-trabajo-de-limpieza-tras-las-lluvias","status":"publish","type":"post","link":"https:\/\/vinasfm.com\/noticias\/servicios-publicos-incrementa-el-trabajo-de-limpieza-tras-las-lluvias\/","title":{"rendered":"SERVICIOS P\u00daBLICOS INCREMENTA EL TRABAJO DE LIMPIEZA TRAS LAS LLUVIAS"},"content":{"rendered":"<h4>Luego de las intensas lluvias que se dieron en General Alvear, la Direcci\u00f3n de Servicios P\u00fablicos de la comuna ha intensificado sus esfuerzos para llevar a cabo labores de limpieza y desmalezado en las \u00e1reas afectadas, tanto en la ciudad como en los distritos aleda\u00f1os. Germ\u00e1n Mart\u00ednez, integrante de esta direcci\u00f3n, inform\u00f3 sobre las acciones emprendidas para garantizar la seguridad y el bienestar de los ciudadanos.<\/h4>\n<p>Los colectores pluviales han funcionado adecuadamente, lo que ha contribuido a minimizar los problemas de acumulaci\u00f3n de agua. Sin embargo, se est\u00e1 trabajando arduamente en la remoci\u00f3n de ramas y \u00e1rboles ca\u00eddos que obstaculizan el tr\u00e1nsito y podr\u00edan representar un peligro para los vecinos.<\/p>\n<p>Adem\u00e1s, se han llevado a cabo limpiezas de cunetas, una tarea esencial para mantener el drenaje adecuado en la zona.<\/p>\n<p>Mart\u00ednez tambi\u00e9n hizo un llamado a la comunidad, solicitando la colaboraci\u00f3n de los vecinos para evitar sacar la basura en d\u00edas de lluvia y no arrojar residuos a las acequias. Estas acciones son fundamentales para prevenir obstrucciones que puedan agravar las condiciones durante episodios de lluvia.<\/p>\n<p>El compromiso del municipio es atender todas las \u00e1reas afectadas, reconociendo que estas tareas pueden requerir m\u00e1s tiempo y esfuerzo del habitual. La direcci\u00f3n se encuentra trabajando con dedicaci\u00f3n para restaurar el orden y asegurar que las calles y espacios p\u00fablicos est\u00e9n limpios y seguros para todos.<\/p>\n<p>La colaboraci\u00f3n entre el municipio y los ciudadanos es clave para enfrentar estos desaf\u00edos ambientales. A trav\u00e9s del trabajo conjunto, se espera no solo resolver los problemas inmediatos generados por las lluvias, sino tambi\u00e9n fomentar una mayor conciencia sobre la importancia del cuidado del entorno.<\/p>\n","protected":false},"excerpt":{"rendered":"<p>Luego de las intensas lluvias que se dieron en General Alvear, la Direcci\u00f3n de Servicios P\u00fablicos de la comuna ha intensificado &#8230;<\/p>\n","protected":false},"author":7,"featured_media":143336,"comment_status":"open","ping_status":"open","sticky":false,"template":"","format":"standard","meta":{"footnotes":""},"categories":[78,68],"tags":[],"class_list":["post-143335","post","type-post","status-publish","format-standard","has-post-thumbnail","hentry","category-municipalidad","category-servicios"],"_links":{"self":[{"href":"https:\/\/vinasfm.com\/noticias\/wp-json\/wp\/v2\/posts\/143335","targetHints":{"allow":["GET"]}}],"collection":[{"href":"https:\/\/vinasfm.com\/noticias\/wp-json\/wp\/v2\/posts"}],"about":[{"href":"https:\/\/vinasfm.com\/noticias\/wp-json\/wp\/v2\/types\/post"}],"author":[{"embeddable":true,"href":"https:\/\/vinasfm.com\/noticias\/wp-json\/wp\/v2\/users\/7"}],"replies":[{"embeddable":true,"href":"https:\/\/vinasfm.com\/noticias\/wp-json\/wp\/v2\/comments?post=143335"}],"version-history":[{"count":1,"href":"https:\/\/vinasfm.com\/noticias\/wp-json\/wp\/v2\/posts\/143335\/revisions"}],"predecessor-version":[{"id":143337,"href":"https:\/\/vinasfm.com\/noticias\/wp-json\/wp\/v2\/posts\/143335\/revisions\/143337"}],"wp:featuredmedia":[{"embeddable":true,"href":"https:\/\/vinasfm.com\/noticias\/wp-json\/wp\/v2\/media\/143336"}],"wp:attachment":[{"href":"https:\/\/vinasfm.com\/noticias\/wp-json\/wp\/v2\/media?parent=143335"}],"wp:term":[{"taxonomy":"category","embeddable":true,"href":"https:\/\/vinasfm.com\/noticias\/wp-json\/wp\/v2\/categories?post=143335"},{"taxonomy":"post_tag","embeddable":true,"href":"https:\/\/vinasfm.com\/noticias\/wp-json\/wp\/v2\/tags?post=143335"}],"curies":[{"name":"wp","href":"https:\/\/api.w.org\/{rel}","templated":true}]}}