{"id":143333,"date":"2025-01-10T12:32:01","date_gmt":"2025-01-10T15:32:01","guid":{"rendered":"https:\/\/vinasfm.com\/noticias\/?p=143333"},"modified":"2025-01-13T10:01:27","modified_gmt":"2025-01-13T13:01:27","slug":"incendios-en-general-alvear-se-esta-trabajando-para-lograr-controlar-las-llamas","status":"publish","type":"post","link":"https:\/\/vinasfm.com\/noticias\/incendios-en-general-alvear-se-esta-trabajando-para-lograr-controlar-las-llamas\/","title":{"rendered":"INCENDIOS EN GENERAL ALVEAR: SE ESTA TRABAJANDO PARA LOGRAR CONTROLAR LAS LLAMAS"},"content":{"rendered":"<h4>Durante esta semana, General Alvear se vio afectado por diversos incendios originados por tormentas el\u00e9ctricas que afectaron el sur del departamento, se estima que las llamas han consumido entre 16 y 17 mil hect\u00e1reas, siendo La Cortadera una de las \u00e1reas m\u00e1s afectadas.<\/h4>\n<p>Seg\u00fan inform\u00f3 el director de Defensa Civil, Javier Velasco, los incendios fueron controlados gracias al trabajo coordinado del Plan Provincial de Manejo del Fuego y las brigadas provenientes de General Alvear, Monte Com\u00e1n y Mendoza.<\/p>\n<p>El primer incendio se registr\u00f3 el lunes en la estancia La Locura, donde trabajaron dos dotaciones. El mi\u00e9rcoles, una nueva tormenta desat\u00f3 otro foco en la zona de la Faja Negra, en un campo conocido como La Cortadera. \u00ab<em><strong>Se trabaj\u00f3 arduamente entre martes y mi\u00e9rcoles, y ayer logramos extinguirlo definitivamente\u00bb<\/strong><\/em>, afirm\u00f3 el director.<\/p>\n<p>Velasco destac\u00f3 la colaboraci\u00f3n de diferentes brigadas quienes trabajaron largas jornadas para controlar los incendios.<em><strong> \u00abEl esfuerzo ha sido enorme, y es importante reconocer la labor de estos equipos que han estado atentos y bien organizados\u00bb<\/strong><\/em>, subray\u00f3.<\/p>\n<p>A pesar de las alertas tempranas emitidas por el Servicio Meteorol\u00f3gico Nacional, la ubicaci\u00f3n exacta de las tormentas es dif\u00edcil de pronosticar.<em><strong> \u00abLa naturaleza es impredecible, y estos incendios no han sido producto de negligencia humana\u00bb<\/strong><\/em>, explic\u00f3 Velasco. Sin embargo, hizo un llamado a la poblaci\u00f3n para evitar encender fuego, especialmente en zonas rurales. <em><strong>\u00abLos cuidados del caso es no encender bajo ninguna circunstancia fuego en los campos\u00bb<\/strong><\/em>, se\u00f1al\u00f3.<\/p>\n<p>Finalmente, es importante destacar que, a pesar de los incendios recientes, esta temporada ha sido menos problem\u00e1tica que a\u00f1os anteriores gracias a las lluvias que han mantenido los campos menos secos.<\/p>\n","protected":false},"excerpt":{"rendered":"<p>Durante esta semana, General Alvear se vio afectado por diversos incendios originados por tormentas el\u00e9ctricas que afectaron el sur del departamento, &#8230;<\/p>\n","protected":false},"author":7,"featured_media":17634,"comment_status":"open","ping_status":"open","sticky":false,"template":"","format":"standard","meta":{"footnotes":""},"categories":[5,10],"tags":[],"class_list":["post-143333","post","type-post","status-publish","format-standard","has-post-thumbnail","hentry","category-actualidad","category-destacadas"],"_links":{"self":[{"href":"https:\/\/vinasfm.com\/noticias\/wp-json\/wp\/v2\/posts\/143333","targetHints":{"allow":["GET"]}}],"collection":[{"href":"https:\/\/vinasfm.com\/noticias\/wp-json\/wp\/v2\/posts"}],"about":[{"href":"https:\/\/vinasfm.com\/noticias\/wp-json\/wp\/v2\/types\/post"}],"author":[{"embeddable":true,"href":"https:\/\/vinasfm.com\/noticias\/wp-json\/wp\/v2\/users\/7"}],"replies":[{"embeddable":true,"href":"https:\/\/vinasfm.com\/noticias\/wp-json\/wp\/v2\/comments?post=143333"}],"version-history":[{"count":1,"href":"https:\/\/vinasfm.com\/noticias\/wp-json\/wp\/v2\/posts\/143333\/revisions"}],"predecessor-version":[{"id":143334,"href":"https:\/\/vinasfm.com\/noticias\/wp-json\/wp\/v2\/posts\/143333\/revisions\/143334"}],"wp:featuredmedia":[{"embeddable":true,"href":"https:\/\/vinasfm.com\/noticias\/wp-json\/wp\/v2\/media\/17634"}],"wp:attachment":[{"href":"https:\/\/vinasfm.com\/noticias\/wp-json\/wp\/v2\/media?parent=143333"}],"wp:term":[{"taxonomy":"category","embeddable":true,"href":"https:\/\/vinasfm.com\/noticias\/wp-json\/wp\/v2\/categories?post=143333"},{"taxonomy":"post_tag","embeddable":true,"href":"https:\/\/vinasfm.com\/noticias\/wp-json\/wp\/v2\/tags?post=143333"}],"curies":[{"name":"wp","href":"https:\/\/api.w.org\/{rel}","templated":true}]}}