{"id":143330,"date":"2025-01-10T12:05:36","date_gmt":"2025-01-10T15:05:36","guid":{"rendered":"https:\/\/vinasfm.com\/noticias\/?p=143330"},"modified":"2025-01-11T12:02:36","modified_gmt":"2025-01-11T15:02:36","slug":"todos-podemos-ayudar-se-parte-de-la-campana-solidaria-para-los-afectados-tras-las-tormentas-en-real-del-padre-y-jaime-prats","status":"publish","type":"post","link":"https:\/\/vinasfm.com\/noticias\/todos-podemos-ayudar-se-parte-de-la-campana-solidaria-para-los-afectados-tras-las-tormentas-en-real-del-padre-y-jaime-prats\/","title":{"rendered":"TODOS PODEMOS AYUDAR: SE PARTE DE LA CAMPA\u00d1A SOLIDARIA PARA LOS AFECTADOS TRAS LAS TORMENTAS EN REAL DEL PADRE Y JAIME PRATS"},"content":{"rendered":"<h4><strong>La C\u00e1mara de Comercio de General Alvear, en conjunto con el Jard\u00edn Maternal de Real del Padre, lanz\u00f3 una campa\u00f1a de ayuda para las familias afectadas por el tornado que azot\u00f3 el distrito de Real del Padre. <\/strong><\/h4>\n<p>La campa\u00f1a busca recolectar donaciones de alimentos, colchones, elementos de limpieza y otros art\u00edculos b\u00e1sicos para satisfacer las necesidades de las familias m\u00e1s vulnerables.<\/p>\n<p>El jard\u00edn maternal comenz\u00f3 a trabajar en la campa\u00f1a contactando a las familias afectadas y identificando sus necesidades espec\u00edficas. La C\u00e1mara de Comercio se sum\u00f3 a la iniciativa y est\u00e1 recibiendo donaciones en su sede, ubicada enfrente de la Plaza de General Alvear.<\/p>\n<p>Las donaciones se entregan de manera personalizada a cada familia, seg\u00fan sus necesidades espec\u00edficas. La campa\u00f1a tambi\u00e9n cuenta con la colaboraci\u00f3n de la parroquia local, que ha donado mercader\u00eda y otros art\u00edculos.<\/p>\n<p>Se aceptan donaciones de alimentos, colchones, elementos de limpieza, juguetes, pa\u00f1ales y leche, entre otros art\u00edculos. No se aceptan donaciones econ\u00f3micas directas, pero se puede hacer una donaci\u00f3n econ\u00f3mica y la C\u00e1mara de Comercio proporcionar\u00e1 una factura con los art\u00edculos comprados.<\/p>\n<p>La campa\u00f1a busca brindar apoyo a las familias afectadas por el tornado y ayudar a satisfacer sus necesidades b\u00e1sicas. Se invita a todos los corazones solidarios a sumarse a esta iniciativa y acercar sus donaciones a la C\u00e1mara de Comercio.<\/p>\n","protected":false},"excerpt":{"rendered":"<p>La C\u00e1mara de Comercio de General Alvear, en conjunto con el Jard\u00edn Maternal de Real del Padre, lanz\u00f3 una campa\u00f1a de &#8230;<\/p>\n","protected":false},"author":7,"featured_media":143332,"comment_status":"open","ping_status":"open","sticky":false,"template":"","format":"standard","meta":{"footnotes":""},"categories":[5,10],"tags":[],"class_list":["post-143330","post","type-post","status-publish","format-standard","has-post-thumbnail","hentry","category-actualidad","category-destacadas"],"_links":{"self":[{"href":"https:\/\/vinasfm.com\/noticias\/wp-json\/wp\/v2\/posts\/143330","targetHints":{"allow":["GET"]}}],"collection":[{"href":"https:\/\/vinasfm.com\/noticias\/wp-json\/wp\/v2\/posts"}],"about":[{"href":"https:\/\/vinasfm.com\/noticias\/wp-json\/wp\/v2\/types\/post"}],"author":[{"embeddable":true,"href":"https:\/\/vinasfm.com\/noticias\/wp-json\/wp\/v2\/users\/7"}],"replies":[{"embeddable":true,"href":"https:\/\/vinasfm.com\/noticias\/wp-json\/wp\/v2\/comments?post=143330"}],"version-history":[{"count":1,"href":"https:\/\/vinasfm.com\/noticias\/wp-json\/wp\/v2\/posts\/143330\/revisions"}],"predecessor-version":[{"id":143331,"href":"https:\/\/vinasfm.com\/noticias\/wp-json\/wp\/v2\/posts\/143330\/revisions\/143331"}],"wp:featuredmedia":[{"embeddable":true,"href":"https:\/\/vinasfm.com\/noticias\/wp-json\/wp\/v2\/media\/143332"}],"wp:attachment":[{"href":"https:\/\/vinasfm.com\/noticias\/wp-json\/wp\/v2\/media?parent=143330"}],"wp:term":[{"taxonomy":"category","embeddable":true,"href":"https:\/\/vinasfm.com\/noticias\/wp-json\/wp\/v2\/categories?post=143330"},{"taxonomy":"post_tag","embeddable":true,"href":"https:\/\/vinasfm.com\/noticias\/wp-json\/wp\/v2\/tags?post=143330"}],"curies":[{"name":"wp","href":"https:\/\/api.w.org\/{rel}","templated":true}]}}