{"id":143315,"date":"2025-01-09T12:31:13","date_gmt":"2025-01-09T15:31:13","guid":{"rendered":"https:\/\/vinasfm.com\/noticias\/?p=143315"},"modified":"2025-01-11T11:15:04","modified_gmt":"2025-01-11T14:15:04","slug":"vendimia-del-infinito-este-viernes-se-coronan-a-las-reinas-de-los-barrios-san-carlos-y-desvio","status":"publish","type":"post","link":"https:\/\/vinasfm.com\/noticias\/vendimia-del-infinito-este-viernes-se-coronan-a-las-reinas-de-los-barrios-san-carlos-y-desvio\/","title":{"rendered":"VENDIMIA DEL INFINITO: ESTE VIERNES SE CORONAN A LAS REINAS DE LOS BARRIOS SAN CARLOS Y DESV\u00cdO"},"content":{"rendered":"<p><strong>La Directora de Cultura, Mar\u00eda Delia Achetoni, anunci\u00f3 la reprogramaci\u00f3n de la coronaci\u00f3n de las reinas de los barrios San Carlos y El Desv\u00edo debido a pron\u00f3sticos de tormentas. <\/strong><\/p>\n<p>El evento se llevar\u00e1 a cabo este viernes 10 de enero a las 21:30 horas en el Teatro Antonio Lafalla, donde se espera una gran asistencia del p\u00fablico.<\/p>\n<p>La entrada ser\u00e1 libre y gratuita, permitiendo que todos los interesados puedan disfrutar de esta celebraci\u00f3n que incluye diversas presentaciones art\u00edsticas.<\/p>\n<p>Por otro lado, el evento en Carmensa mantiene su cronograma original y se realizar\u00e1 el domingo a las 20:30 horas en la plaza del distrito. Esta actividad tambi\u00e9n promete ser un momento especial para los vecinos, quienes podr\u00e1n disfrutar de una velada llena de color y cultura.<\/p>\n<p>Aprovechando la cercan\u00eda de estas celebraciones, se est\u00e1 trabajando intensamente en la organizaci\u00f3n de la Vendimia Departamental, denominada Vendimia del Infinito, un evento que destaca la riqueza cultural de la regi\u00f3n. Esto incluye capacitaciones para las reinas, asegurando que est\u00e9n preparadas para representar a sus comunidades con orgullo. Adem\u00e1s, se planea un espect\u00e1culo especial que seguramente ser\u00e1 un atractivo adicional para todos los asistentes.<\/p>\n","protected":false},"excerpt":{"rendered":"<p>La Directora de Cultura, Mar\u00eda Delia Achetoni, anunci\u00f3 la reprogramaci\u00f3n de la coronaci\u00f3n de las reinas de los barrios San Carlos &#8230;<\/p>\n","protected":false},"author":7,"featured_media":143319,"comment_status":"open","ping_status":"open","sticky":false,"template":"","format":"standard","meta":{"footnotes":""},"categories":[5,25],"tags":[],"class_list":["post-143315","post","type-post","status-publish","format-standard","has-post-thumbnail","hentry","category-actualidad","category-vendimia"],"_links":{"self":[{"href":"https:\/\/vinasfm.com\/noticias\/wp-json\/wp\/v2\/posts\/143315","targetHints":{"allow":["GET"]}}],"collection":[{"href":"https:\/\/vinasfm.com\/noticias\/wp-json\/wp\/v2\/posts"}],"about":[{"href":"https:\/\/vinasfm.com\/noticias\/wp-json\/wp\/v2\/types\/post"}],"author":[{"embeddable":true,"href":"https:\/\/vinasfm.com\/noticias\/wp-json\/wp\/v2\/users\/7"}],"replies":[{"embeddable":true,"href":"https:\/\/vinasfm.com\/noticias\/wp-json\/wp\/v2\/comments?post=143315"}],"version-history":[{"count":1,"href":"https:\/\/vinasfm.com\/noticias\/wp-json\/wp\/v2\/posts\/143315\/revisions"}],"predecessor-version":[{"id":143316,"href":"https:\/\/vinasfm.com\/noticias\/wp-json\/wp\/v2\/posts\/143315\/revisions\/143316"}],"wp:featuredmedia":[{"embeddable":true,"href":"https:\/\/vinasfm.com\/noticias\/wp-json\/wp\/v2\/media\/143319"}],"wp:attachment":[{"href":"https:\/\/vinasfm.com\/noticias\/wp-json\/wp\/v2\/media?parent=143315"}],"wp:term":[{"taxonomy":"category","embeddable":true,"href":"https:\/\/vinasfm.com\/noticias\/wp-json\/wp\/v2\/categories?post=143315"},{"taxonomy":"post_tag","embeddable":true,"href":"https:\/\/vinasfm.com\/noticias\/wp-json\/wp\/v2\/tags?post=143315"}],"curies":[{"name":"wp","href":"https:\/\/api.w.org\/{rel}","templated":true}]}}