{"id":143310,"date":"2025-01-09T12:13:24","date_gmt":"2025-01-09T15:13:24","guid":{"rendered":"https:\/\/vinasfm.com\/noticias\/?p=143310"},"modified":"2025-01-11T10:06:56","modified_gmt":"2025-01-11T13:06:56","slug":"mema-sobre-los-danos-en-real-del-padre-el-gobernador-ha-priorizado-destinar-los-fondos-del-estado-a-fortalecerla-actividad-agricola-en-el-sur","status":"publish","type":"post","link":"https:\/\/vinasfm.com\/noticias\/mema-sobre-los-danos-en-real-del-padre-el-gobernador-ha-priorizado-destinar-los-fondos-del-estado-a-fortalecerla-actividad-agricola-en-el-sur\/","title":{"rendered":"MEMA SOBRE LOS DA\u00d1OS EN REAL DEL PADRE: \u201cEL GOBERNADOR HA PRIORIZADO DESTINAR LOS FONDOS DEL ESTADO A FORTALECERLA ACTIVIDAD AGR\u00cdCOLA EN EL SUR\u201d"},"content":{"rendered":"<h4>Contin\u00faan los arduos trabajos luego del temporal que azot\u00f3 el distrito. Asimismo, sigue el relevamiento para determinar los da\u00f1os en las viviendas y cosechas. Afortunadamente los vecinos ya cuentan con el servicio de electricidad.<\/h4>\n<p>La tormenta que azot\u00f3 Real del Padre y distritos del este sanrafaelino dej\u00f3 un panorama devastador. Con p\u00e9rdidas que alcanzan el cien por ciento en la producci\u00f3n agr\u00edcola y fuertes da\u00f1os en infraestructura, las autoridades provinciales trabajan contrarreloj para asistir a los afectados y planificar la recuperaci\u00f3n.<\/p>\n<p><em><strong>\u201cLo primero que buscamos fue hacer el relevamiento de las viviendas da\u00f1adas\u201d<\/strong><\/em>, explic\u00f3 Natalio Mema, Ministro de Gobierno, Infraestructura y Desarrollo Territorial de Mendoza. La tormenta no solo arras\u00f3 con plantaciones y viviendas, sino que tambi\u00e9n dej\u00f3 a la localidad incomunicada.<em><strong> \u201cHab\u00eda \u00e1rboles ca\u00eddos sobre casas, calles y l\u00edneas el\u00e9ctricas, lo que impidi\u00f3 la circulaci\u00f3n vehicular y afect\u00f3 el suministro de electricidad\u201d<\/strong><\/em>, detall\u00f3.<\/p>\n<p>La falta de electricidad agrav\u00f3 los problemas al afectar servicios fundamentales como el agua potable y las cloacas. Mema destac\u00f3 la respuesta coordinada para restablecer el servicio:<em><strong> \u201cAfortunadamente, ayer a las seis de la tarde (por el martes) el pueblo estaba nuevamente con energ\u00eda el\u00e9ctrica en su gran mayor\u00eda. La distribuidora el\u00e9ctrica cont\u00f3 con la colaboraci\u00f3n de otras cinco distribuidoras de los alrededores\u201d<\/strong><\/em>.<\/p>\n<p>La situaci\u00f3n de los productores es cr\u00edtica. Seg\u00fan relataron vecinos afectados, las p\u00e9rdidas superan el cien por ciento porque tambi\u00e9n se ven comprometidas las pr\u00f3ximas temporadas. <em><strong>\u201cHay plantas que aparentemente no podr\u00e1n ni siquiera ser podadas el pr\u00f3ximo a\u00f1o\u201d<\/strong><\/em>, se\u00f1al\u00f3 el Ministro. <em><strong>\u201cEl Gobernador ha priorizado destinar los fondos del Estado a fortalecer la actividad agr\u00edcola en el sur y en toda la provincia\u201d<\/strong><\/em>, agreg\u00f3.<\/p>\n<p>El Gobierno provincial dispone de tres herramientas clave para asistir a los productores. En primer lugar, la ley de emergencia agropecuaria, que permite eximirlos del pago de impuestos y servicios como la factura de electricidad, Irrigaci\u00f3n e Impuesto Inmobiliario. Adem\u00e1s, las cuotas de cr\u00e9ditos con el Fondo de la Transformaci\u00f3n y el<\/p>\n<p>Crecimiento se posponen para el a\u00f1o siguiente. <em><strong>\u201cEsto permite que los recursos disponibles se destinen a recuperar la capacidad de producci\u00f3n\u201d<\/strong><\/em>, explic\u00f3 Mema.<\/p>\n<p>En segundo lugar, se ha reforzado el seguro agr\u00edcola, que este a\u00f1o ofrece entre 600.000 y 1.700.000 pesos por hect\u00e1rea, seg\u00fan el da\u00f1o registrado.<em><strong> \u201cEl seguro es clave para aquellos productores que lo contrataron, pero tambi\u00e9n estamos evaluando l\u00edneas de cr\u00e9dito con alto subsidio para casos extremos\u201d<\/strong><\/em>, indic\u00f3 el funcionario.<\/p>\n<p>Finalmente, se trabaja en el relevamiento de da\u00f1os a la infraestructura.<em><strong> \u201cHemos visto techos volados, galpones ca\u00eddos y da\u00f1os que van m\u00e1s all\u00e1 de las plantas. Nuestro objetivo es que los productores puedan recuperar su actividad lo antes posible\u201d<\/strong><\/em>, afirm\u00f3.<\/p>\n<p>La rapidez con la que se gestion\u00f3 el restablecimiento de la energ\u00eda tambi\u00e9n evit\u00f3 p\u00e9rdidas mayores en los frigor\u00edficos locales. <em><strong>\u201cHab\u00eda m\u00e1s de una tonelada de frutas almacenadas que estaban en riesgo de perderse<\/strong><\/em>\u201d, destac\u00f3 Mema.<\/p>\n<p>El Ministro valor\u00f3 el trabajo conjunto de los distintos actores involucrados y asegur\u00f3 que la prioridad es atender las necesidades inmediatas y planificar el futuro.<em><strong> \u201cLo m\u00e1s importante en estas emergencias es poner todos los recursos a favor de la situaci\u00f3n y empezar a planificar el d\u00eda despu\u00e9s\u201d<\/strong><\/em>, concluy\u00f3.<\/p>\n","protected":false},"excerpt":{"rendered":"<p>Contin\u00faan los arduos trabajos luego del temporal que azot\u00f3 el distrito. Asimismo, sigue el relevamiento para determinar los da\u00f1os en las &#8230;<\/p>\n","protected":false},"author":7,"featured_media":143311,"comment_status":"open","ping_status":"open","sticky":false,"template":"","format":"standard","meta":{"footnotes":""},"categories":[5,10],"tags":[],"class_list":["post-143310","post","type-post","status-publish","format-standard","has-post-thumbnail","hentry","category-actualidad","category-destacadas"],"_links":{"self":[{"href":"https:\/\/vinasfm.com\/noticias\/wp-json\/wp\/v2\/posts\/143310","targetHints":{"allow":["GET"]}}],"collection":[{"href":"https:\/\/vinasfm.com\/noticias\/wp-json\/wp\/v2\/posts"}],"about":[{"href":"https:\/\/vinasfm.com\/noticias\/wp-json\/wp\/v2\/types\/post"}],"author":[{"embeddable":true,"href":"https:\/\/vinasfm.com\/noticias\/wp-json\/wp\/v2\/users\/7"}],"replies":[{"embeddable":true,"href":"https:\/\/vinasfm.com\/noticias\/wp-json\/wp\/v2\/comments?post=143310"}],"version-history":[{"count":1,"href":"https:\/\/vinasfm.com\/noticias\/wp-json\/wp\/v2\/posts\/143310\/revisions"}],"predecessor-version":[{"id":143312,"href":"https:\/\/vinasfm.com\/noticias\/wp-json\/wp\/v2\/posts\/143310\/revisions\/143312"}],"wp:featuredmedia":[{"embeddable":true,"href":"https:\/\/vinasfm.com\/noticias\/wp-json\/wp\/v2\/media\/143311"}],"wp:attachment":[{"href":"https:\/\/vinasfm.com\/noticias\/wp-json\/wp\/v2\/media?parent=143310"}],"wp:term":[{"taxonomy":"category","embeddable":true,"href":"https:\/\/vinasfm.com\/noticias\/wp-json\/wp\/v2\/categories?post=143310"},{"taxonomy":"post_tag","embeddable":true,"href":"https:\/\/vinasfm.com\/noticias\/wp-json\/wp\/v2\/tags?post=143310"}],"curies":[{"name":"wp","href":"https:\/\/api.w.org\/{rel}","templated":true}]}}