{"id":143308,"date":"2025-01-09T12:08:49","date_gmt":"2025-01-09T15:08:49","guid":{"rendered":"https:\/\/vinasfm.com\/noticias\/?p=143308"},"modified":"2025-01-10T12:31:58","modified_gmt":"2025-01-10T15:31:58","slug":"panorama-muy-complicado-por-la-fuerte-tormenta-de-granizo-que-arraso-en-real-del-padre","status":"publish","type":"post","link":"https:\/\/vinasfm.com\/noticias\/panorama-muy-complicado-por-la-fuerte-tormenta-de-granizo-que-arraso-en-real-del-padre\/","title":{"rendered":"PANORAMA MUY COMPLICADO POR LA FUERTE TORMENTA DE GRANIZO QUE ARRAS\u00d3 EN REAL DEL PADRE"},"content":{"rendered":"<h4>Real del Padre a\u00fan no se recupera del brutal embate de la naturaleza. La tormenta del pasado lunes dej\u00f3 a su paso un rastro de destrucci\u00f3n, con especial \u00e9nfasis en las fincas de la zona. El granizo, del tama\u00f1o de pelotas de golf, arras\u00f3 con cultivos y estructuras dejando a muchos productores al borde de la nada misma.<\/h4>\n<p>Si bien a\u00fan no se ha realizado un relevamiento completo de los da\u00f1os, testimonios de los afectados hablan de p\u00e9rdidas totales en algunas propiedades. El vendaval, que acompa\u00f1\u00f3 a la intensa lluvia, complet\u00f3 el cuadro de devastaci\u00f3n con voladuras de techos, ca\u00edda de \u00e1rboles y postes de luz.<\/p>\n<p><em><strong>\u00abHace muchos a\u00f1os que no se viv\u00eda una situaci\u00f3n as\u00ed en Real del Padre y Jaime Prats. Creo para todas esas zonas esta tormenta ser\u00e1 un antes y un despu\u00e9s. Estamos hablando de uno de los lugares rurales m\u00e1s productivos de San Rafael, no solamente por las bondades de su tierra, sino por la capacidad de producir que tiene la gente de ambos distritos. Lamentablemente, va a haber fincas que no se van a poder recuperar. No es la cosecha solamente lo que se pierde, sino que tambi\u00e9n hay que tener en cuenta el da\u00f1o a la planta. Sin ser negativo, me animo a decir que en muchos casos se va a tener que volver a plantar. Eso implica inversiones muy grandes que muchos productores no pueden afrontar\u00bb<\/strong><\/em>, Marcelo Serrano, presidente de la Sociedad Rural de San Rafael.<\/p>\n<p><em><strong>\u00abSi no tienen una ayuda realmente importante van a desaparecer. Muchas fincas tienen a sus trabajadores en blanco, sin dudas que lo van a tener que asistir para poder pagar los sueldos. En lo que respecta a los productores m\u00e1s peque\u00f1os, se debe pensar en brindarles alg\u00fan tipo de asistencia mensual o subsidio. La situaci\u00f3n que vive hoy ese pueblo es muy especial. Ha sido un desastre\u00bb<\/strong><\/em>, grafic\u00f3.<\/p>\n<p>Luego, puso en consideraci\u00f3n y evalu\u00f3 el nivel de incidencia que tiene hasta el momento el sistema de mitigaci\u00f3n de granizo con aviones. <em><strong>\u00abHay que partir de la base de que la lucha antigranizo nunca ha sido efectiva al 100 %. Siempre se habl\u00f3 de un 50 % de reducci\u00f3n o mitigaci\u00f3n. Es decir que de dos tormentas una te va a lastimar. No obstante, la fuerza del vendaval ha volado hasta las telas antigranizo que ten\u00edan algunas fincas. Eso significa que estuvimos ante un evento clim\u00e1tico sin precedentes. No sabemos si fue un tornado o un hurac\u00e1n. La contracara de la lucha antigranizo es la tela. Bueno, en este caso por la fuerza del temporal ambos sistemas han fallado. El viento ha arrancado estructuras completas. Si agarra un avi\u00f3n lo estrella contra el piso\u00bb<\/strong><\/em>, asegur\u00f3 Serrano.<\/p>\n","protected":false},"excerpt":{"rendered":"<p>Real del Padre a\u00fan no se recupera del brutal embate de la naturaleza. La tormenta del pasado lunes dej\u00f3 a su &#8230;<\/p>\n","protected":false},"author":7,"featured_media":143251,"comment_status":"open","ping_status":"open","sticky":false,"template":"","format":"standard","meta":{"footnotes":""},"categories":[5,10],"tags":[],"class_list":["post-143308","post","type-post","status-publish","format-standard","has-post-thumbnail","hentry","category-actualidad","category-destacadas"],"_links":{"self":[{"href":"https:\/\/vinasfm.com\/noticias\/wp-json\/wp\/v2\/posts\/143308","targetHints":{"allow":["GET"]}}],"collection":[{"href":"https:\/\/vinasfm.com\/noticias\/wp-json\/wp\/v2\/posts"}],"about":[{"href":"https:\/\/vinasfm.com\/noticias\/wp-json\/wp\/v2\/types\/post"}],"author":[{"embeddable":true,"href":"https:\/\/vinasfm.com\/noticias\/wp-json\/wp\/v2\/users\/7"}],"replies":[{"embeddable":true,"href":"https:\/\/vinasfm.com\/noticias\/wp-json\/wp\/v2\/comments?post=143308"}],"version-history":[{"count":1,"href":"https:\/\/vinasfm.com\/noticias\/wp-json\/wp\/v2\/posts\/143308\/revisions"}],"predecessor-version":[{"id":143309,"href":"https:\/\/vinasfm.com\/noticias\/wp-json\/wp\/v2\/posts\/143308\/revisions\/143309"}],"wp:featuredmedia":[{"embeddable":true,"href":"https:\/\/vinasfm.com\/noticias\/wp-json\/wp\/v2\/media\/143251"}],"wp:attachment":[{"href":"https:\/\/vinasfm.com\/noticias\/wp-json\/wp\/v2\/media?parent=143308"}],"wp:term":[{"taxonomy":"category","embeddable":true,"href":"https:\/\/vinasfm.com\/noticias\/wp-json\/wp\/v2\/categories?post=143308"},{"taxonomy":"post_tag","embeddable":true,"href":"https:\/\/vinasfm.com\/noticias\/wp-json\/wp\/v2\/tags?post=143308"}],"curies":[{"name":"wp","href":"https:\/\/api.w.org\/{rel}","templated":true}]}}