{"id":143302,"date":"2025-01-09T10:50:21","date_gmt":"2025-01-09T13:50:21","guid":{"rendered":"https:\/\/vinasfm.com\/noticias\/?p=143302"},"modified":"2025-01-10T10:55:27","modified_gmt":"2025-01-10T13:55:27","slug":"de-alvear-al-mundo-con-el-postre-de-la-cajita-feliz-fenix-s-a-sigue-creciendo","status":"publish","type":"post","link":"https:\/\/vinasfm.com\/noticias\/de-alvear-al-mundo-con-el-postre-de-la-cajita-feliz-fenix-s-a-sigue-creciendo\/","title":{"rendered":"DE ALVEAR AL MUNDO: CON EL POSTRE DE LA \u00abCAJITA FELIZ\u00bb, F\u00c9NIX S.A SIGUE CRECIENDO"},"content":{"rendered":"<h4>F\u00e9nix, la\u00a0<strong class=\"ignore-parser\">f\u00e1brica\u00a0<\/strong>de General Alvear que cre\u00f3 para McDonald&#8217;s el postre Zummy, aument\u00f3 al doble su planta de empleados y duplicar\u00e1 la producci\u00f3n este 2025.<\/h4>\n<article class=\"article-body first\">\n<div class=\"article-content\">\n<div class=\"cuerpo\" data-twitter-link=\"\">\n<p>Una\u00a0<strong><a href=\"https:\/\/www.diariouno.com.ar\/tags\/fabrica\" target=\"_blank\" rel=\"follow noopener\">f\u00e1brica<\/a><\/strong>\u00a0mendocina logr\u00f3 instalar su\u00a0<strong>postre\u00a0<\/strong>Zummy en la \u00abcajita feliz\u00bb de\u00a0<strong>McDonald&#8217;s<\/strong>. El proyect\u00f3 implic\u00f3 unos 5 a\u00f1os y en 2024 \u00abmadur\u00f3\u00bb, seg\u00fan cuentan sus responsables, al punto que en un momento dif\u00edcil para la econom\u00eda del pa\u00eds ellos lograron aumentar al doble su estructura organizativa y proyectan duplicar la producci\u00f3n en este 2025.<\/p>\n<\/div>\n<\/div>\n<\/article>\n<article class=\"article-body\">\n<div class=\"article-content\">\n<div class=\"cuerpo\" data-twitter-link=\"\">\n<p>Se trata de F\u00e9nix, la empresa familiar que desde\u00a0<strong><a href=\"https:\/\/www.diariouno.com.ar\/tags\/general-alvear\" target=\"_blank\" rel=\"follow noopener\">General Alvear<\/a><\/strong>\u00a0se abre al mundo desde hace ya 30 a\u00f1os. La\u00a0<strong>f\u00e1brica\u00a0<\/strong>es b\u00e1sicamente exportadora de\u00a0<strong>jugos\u00a0<\/strong>de fruta convencionales y org\u00e1nicos, vendiendo sus productos a m\u00e1s de 35 pa\u00edses en 5 continentes.<\/p>\n<article class=\"article-body\">\n<div class=\"article-content\">\n<div class=\"cuerpo\" data-twitter-link=\"\">\n<p>El acuerdo que alcanzaron el a\u00f1o pasado con la firma Arcos Dorados para incorporar en el combo infantil de\u00a0<strong>McDonald&#8217;s\u00a0<\/strong>de Argentina su pur\u00e9 de\u00a0<strong>frutas\u00a0<\/strong>natural Zummy hizo que F\u00e9nix duplicara su planta de empleados. S\u00f3lo en 2024 tomaron unos 100 trabajadores nuevos y en los pr\u00f3ximos meses se sumar\u00e1n 30 a la estructura organizativa de la\u00a0<strong>f\u00e1brica<\/strong>.<\/p>\n<\/div>\n<\/div>\n<\/article>\n<article class=\"article-body third-p\">\n<div class=\"article-content\">\n<div class=\"cuerpo\" data-twitter-link=\"\">\n<p>Porque adem\u00e1s tuvieron que invertir en nuevas tecnolog\u00edas que llevar\u00e1n a la\u00a0<strong>f\u00e1brica\u00a0<\/strong>a pasar de una producci\u00f3n de 15 millones de\u00a0<strong>postres\u00a0<\/strong>Zummy en 2024 a 30 millones para este a\u00f1o.<\/p>\n<p>Su capacidad de respuesta y resiliencia ante los avatares econ\u00f3micos del pa\u00eds dieron buenos frutos, de acuerdo a lo que explica Germ\u00e1n Per\u00f3n a\u00a0<em>Diario UNO<\/em>, quien junto a su hermano Mariano est\u00e1n al frente del emprendimiento agroindustrial ubicado en Bowen,\u00a0<strong>General Alvear<\/strong>.<\/p>\n<h2>La f\u00e1brica coron\u00f3 el 2024 con un premio por sus exportaciones<\/h2>\n<p>La\u00a0<strong>f\u00e1brica\u00a0<\/strong>F\u00e9nix abarca tres unidades de negocio: la propiamente agr\u00edcola; la productora de pulpa y pur\u00e9 F\u00e9nix, de donde salen productos \u00absemielaborados\u00bb como n\u00e9ctar y pur\u00e9 que venden para marcas de mermeladas y\u00a0<strong>jugos\u00a0<\/strong>nacionales y extranjeros (Cepita, Coca-Cola, Nestl\u00e9, Baggio, Watts); y desde el a\u00f1o pasado sum\u00f3 Zummy, un producto \u00abcon identidad propia\u00bb, definen los hermanos Per\u00f3n.<\/p>\n<p>En unas 600 hect\u00e1reas cultivadas con durazno, damasco, membrillo, pera y ciruela, principalmente en el distrito Real del Padre de San Rafael, obtienen las\u00a0<strong>frutas\u00a0<\/strong>que procesan y elaboran m\u00e1s de 250 trabajadores en su planta de 9.000 m2 de\u00a0<strong>General Alvear<\/strong>.<\/p>\n<p>Para coronar el \u00faltimo gran a\u00f1o de crecimiento, la firma mendocina acaba de recibir el\u00a0<strong>Premio Exportar<\/strong>\u00a0como Embajadora de la Regi\u00f3n Cuyo que otorga hace 29 a\u00f1os la Agencia Argentina de Inversiones y Comercio Internacional (AAICI). Es la segunda vez que obtienen esta distinci\u00f3n, en 2018 fueron reconocidos por su ADN Exportador.<\/p>\n<p>El Premio Exportar le permite a la\u00a0<strong>f\u00e1brica\u00a0<\/strong>obtener importantes beneficios en la participaci\u00f3n de ferias internacionales del calendario 2025.<\/p>\n<p>Para Germ\u00e1n Per\u00f3n, el 2024 fue \u00abun a\u00f1o sorprendente para bien, a pesar de todas las complicaciones del pa\u00eds, hemos venido desarroll\u00e1ndonos, creciendo, hemos sostenido los\u00a0<strong>mercados<\/strong>, y todo ha sido un proceso largo de trabajo y maduraci\u00f3n\u00bb de la empresa.<\/p>\n<h2>El postre de McDonald&#8217;s que posicion\u00f3 la f\u00e1brica en el mundo<\/h2>\n<p>En espec\u00edfico, Per\u00f3n hace referencia a Zummy,\u00a0<a href=\"https:\/\/www.diariouno.com.ar\/economia\/el-combo-mcdonalds-sumo-un-pure-fruta-hecho-mendoza-n1352128\" target=\"_blank\" rel=\"follow noopener\">el\u00a0<strong>postre\u00a0<\/strong>que instal\u00f3 en uno de los mercados alimenticios m\u00e1s codiciados como es la multinacional\u00a0<strong>McDonald&#8217;s<\/strong><\/a>.<\/p>\n<p>\u00abFue un proyecto que madur\u00f3, por decirlo de alguna forma, y tambi\u00e9n nos hizo expandir y crecer mucho en\u00a0<strong>exportaci\u00f3n<\/strong>\u00ab, afirma el administrador de empresas alvearense quien con su hermano contador, Mariano, continuaron el legado familiar de esta\u00a0<strong>f\u00e1brica\u00a0<\/strong>fundada en 1995 que en la \u00faltima d\u00e9cada triplic\u00f3 su producci\u00f3n.<\/p>\n<p>Germ\u00e1n anticipa que su objetivo para este 2025 es mantener los mercados internacionales, ya que \u00absomos netamente\u00a0<strong>exportadores<\/strong>\u00bb de jugos y n\u00e9ctar de frutas que firmas de Jap\u00f3n, Estados Unidos o cualquier otra parte del mundo utilizan como materia prima para sus productos alimenticios.<\/p>\n<p>El empresario confirma que el mercado interno de F\u00e9nix \u00aboscila entre un 10 y un 15%\u00bb de sus ventas, y destaca que \u00abhemos logrado entrar en todas las cadenas de supermercados y estamos haciendo algunas marcas privadas como Farmacity, Roemers, (el holding chileno) Cencosur, porque la idea es seguir abriendo\u00a0<strong>mercados\u00a0<\/strong>afuera\u00bb.<\/p>\n<p>Y con ansias esperan los hermanos Per\u00f3n que lleguen las nuevas maquinarias que les permitir\u00e1 duplicar la producci\u00f3n de\u00a0<strong>postres\u00a0<\/strong>Zummy. \u00abEs una nueva l\u00ednea de llenado de Zummy, la l\u00ednea anterior que ten\u00edamos nos permit\u00eda producir m\u00e1s o menos 15 millones al a\u00f1o, y ahora vamos a poder producir 30\u00bb, revelan desde la\u00a0<strong>f\u00e1brica\u00a0<\/strong>alvearense.<\/p>\n<h2>La f\u00e1brica acaba de lanzar jugos Zummy para deportistas<\/h2>\n<p>Adem\u00e1s, dentro de la marca Zummy la\u00a0<strong>f\u00e1brica<\/strong>\u00a0alvearense desarroll\u00f3 un suplemento energ\u00e9tico para quienes practican deportes bajo la l\u00ednea Zummy Sport.<\/p>\n<p>Elaborado con pur\u00e9 de\u00a0<strong>frutas\u00a0<\/strong>real, \u00abofrece un equilibrio perfecto de carbohidratos y est\u00e1 enriquecido con electrolitos esenciales como sodio, potasio y magnesio para prevenir la deshidrataci\u00f3n y calambres\u00bb, anuncian desde F\u00e9nix.<\/p>\n<p>\u00abAcabamos de lanzar este suplemento dietario que es mejor a los geles que son m\u00e1s qu\u00edmicos; nuestro producto es un\u00a0<strong>jugo m\u00e1s natural\u00a0<\/strong>aunque no tiene la potencia que tiene un gel que es para deportistas\u00bb, completa Per\u00f3n.<\/p>\n<h2>A la f\u00e1brica le cuesta cubrir puestos de trabajo especializados<\/h2>\n<p><a href=\"https:\/\/www.diariouno.com.ar\/emprendedores\/la-historia-fenix-la-fabrica-mendocina-que-puso-su-pure-fruta-la-cajita-feliz-mc-donalds-n1354479\" target=\"_blank\" rel=\"follow noopener\">El entusiasmo y el empuje de expansi\u00f3n que ha tenido F\u00e9nix en el \u00faltimo tiempo<\/a>\u00a0no les genera hasta el momento una proyecci\u00f3n para instalarse en la capital mendocina o fuera de su Alvear natal. Y esto pese a reconocer las dificultades de estar ubicados en una ciudad del interior para el\u00a0<strong>comercio exterior<\/strong>.<\/p>\n<p>\u00abLa verdad que por ah\u00ed no es el lugar estrat\u00e9gico, porque\u00a0<strong>General Alvear<\/strong>\u00a0est\u00e1 un poco lejos de todo y todo cuesta un poco m\u00e1s\u00bb, asume Germ\u00e1n Per\u00f3n. Sin embargo, confiesa: \u00abPero nosotros nacimos ac\u00e1, tuvimos la suerte de vivir ac\u00e1, y desde ac\u00e1 hemos hecho patria para salir con nuestros productos al mundo\u00bb.<\/p>\n<p>En cuanto a la mano de obra calificada que necesita la\u00a0<strong>f\u00e1brica\u00a0<\/strong>para seguir evolucionando, Per\u00f3n dice que les cuesta cubrir puestos especializados.<\/p>\n<p>\u00abNos es dif\u00edcil conseguir gente con especializaciones pero tambi\u00e9n vamos contratando gente que no necesariamente sea de\u00a0<strong>Alvear<\/strong>, tenemos gente de Santa Rafael, de Mendoza Capital, de Buenos Aires\u00bb, comenta Germ\u00e1n.<\/p>\n<p>Y gracias al crecimiento de la empresa, ingenieros u otros profesionales\u00a0<strong>alvearenses\u00a0<\/strong>que estaban trabajando en otras partes del pa\u00eds retornaron a su lugar de origen para desarrollarse en F\u00e9nix.<\/p>\n<\/div>\n<\/div>\n<\/article>\n<\/div>\n<\/div>\n<\/article>\n","protected":false},"excerpt":{"rendered":"<p>F\u00e9nix, la\u00a0f\u00e1brica\u00a0de General Alvear que cre\u00f3 para McDonald&#8217;s el postre Zummy, aument\u00f3 al doble su planta de empleados y duplicar\u00e1 la &#8230;<\/p>\n","protected":false},"author":7,"featured_media":143303,"comment_status":"open","ping_status":"open","sticky":false,"template":"","format":"standard","meta":{"footnotes":""},"categories":[5,10],"tags":[],"class_list":["post-143302","post","type-post","status-publish","format-standard","has-post-thumbnail","hentry","category-actualidad","category-destacadas"],"_links":{"self":[{"href":"https:\/\/vinasfm.com\/noticias\/wp-json\/wp\/v2\/posts\/143302","targetHints":{"allow":["GET"]}}],"collection":[{"href":"https:\/\/vinasfm.com\/noticias\/wp-json\/wp\/v2\/posts"}],"about":[{"href":"https:\/\/vinasfm.com\/noticias\/wp-json\/wp\/v2\/types\/post"}],"author":[{"embeddable":true,"href":"https:\/\/vinasfm.com\/noticias\/wp-json\/wp\/v2\/users\/7"}],"replies":[{"embeddable":true,"href":"https:\/\/vinasfm.com\/noticias\/wp-json\/wp\/v2\/comments?post=143302"}],"version-history":[{"count":2,"href":"https:\/\/vinasfm.com\/noticias\/wp-json\/wp\/v2\/posts\/143302\/revisions"}],"predecessor-version":[{"id":143305,"href":"https:\/\/vinasfm.com\/noticias\/wp-json\/wp\/v2\/posts\/143302\/revisions\/143305"}],"wp:featuredmedia":[{"embeddable":true,"href":"https:\/\/vinasfm.com\/noticias\/wp-json\/wp\/v2\/media\/143303"}],"wp:attachment":[{"href":"https:\/\/vinasfm.com\/noticias\/wp-json\/wp\/v2\/media?parent=143302"}],"wp:term":[{"taxonomy":"category","embeddable":true,"href":"https:\/\/vinasfm.com\/noticias\/wp-json\/wp\/v2\/categories?post=143302"},{"taxonomy":"post_tag","embeddable":true,"href":"https:\/\/vinasfm.com\/noticias\/wp-json\/wp\/v2\/tags?post=143302"}],"curies":[{"name":"wp","href":"https:\/\/api.w.org\/{rel}","templated":true}]}}