{"id":143296,"date":"2025-01-09T09:56:50","date_gmt":"2025-01-09T12:56:50","guid":{"rendered":"https:\/\/vinasfm.com\/noticias\/?p=143296"},"modified":"2025-01-09T12:31:10","modified_gmt":"2025-01-09T15:31:10","slug":"un-joven-fue-victima-de-un-robo-en-las-ultimas-horas","status":"publish","type":"post","link":"https:\/\/vinasfm.com\/noticias\/un-joven-fue-victima-de-un-robo-en-las-ultimas-horas\/","title":{"rendered":"UN J\u00d3VEN FUE V\u00cdCTIMA DE UN ROBO EN LAS \u00daLTIMAS HORAS"},"content":{"rendered":"<h4>Un joven de 18 a\u00f1os identificado como K.A., fue v\u00edctima de un robo en un camping de General Alvear, ubicado en calle Prolongaci\u00f3n San Juan.<\/h4>\n<p>El incidente ocurri\u00f3 cuando la v\u00edctima dej\u00f3 sus pertenencias, incluyendo una mochila y una bicicleta, en la orilla del r\u00edo mientras se refrescaba. Al regresar, se dio cuenta de que la mochila hab\u00eda sido sustra\u00edda, y con ella, la llave del candado de la bicicleta y dos tel\u00e9fonos.<\/p>\n<p>Afortunadamente, la polic\u00eda logr\u00f3 recuperar parte de los elementos robados.<\/p>\n<p>El caso est\u00e1 siendo investigado por la Comisar\u00eda 14.<\/p>\n","protected":false},"excerpt":{"rendered":"<p>Un joven de 18 a\u00f1os identificado como K.A., fue v\u00edctima de un robo en un camping de General Alvear, ubicado en &#8230;<\/p>\n","protected":false},"author":7,"featured_media":143297,"comment_status":"open","ping_status":"open","sticky":false,"template":"","format":"standard","meta":{"footnotes":""},"categories":[5,4],"tags":[],"class_list":["post-143296","post","type-post","status-publish","format-standard","has-post-thumbnail","hentry","category-actualidad","category-policiales"],"_links":{"self":[{"href":"https:\/\/vinasfm.com\/noticias\/wp-json\/wp\/v2\/posts\/143296","targetHints":{"allow":["GET"]}}],"collection":[{"href":"https:\/\/vinasfm.com\/noticias\/wp-json\/wp\/v2\/posts"}],"about":[{"href":"https:\/\/vinasfm.com\/noticias\/wp-json\/wp\/v2\/types\/post"}],"author":[{"embeddable":true,"href":"https:\/\/vinasfm.com\/noticias\/wp-json\/wp\/v2\/users\/7"}],"replies":[{"embeddable":true,"href":"https:\/\/vinasfm.com\/noticias\/wp-json\/wp\/v2\/comments?post=143296"}],"version-history":[{"count":1,"href":"https:\/\/vinasfm.com\/noticias\/wp-json\/wp\/v2\/posts\/143296\/revisions"}],"predecessor-version":[{"id":143298,"href":"https:\/\/vinasfm.com\/noticias\/wp-json\/wp\/v2\/posts\/143296\/revisions\/143298"}],"wp:featuredmedia":[{"embeddable":true,"href":"https:\/\/vinasfm.com\/noticias\/wp-json\/wp\/v2\/media\/143297"}],"wp:attachment":[{"href":"https:\/\/vinasfm.com\/noticias\/wp-json\/wp\/v2\/media?parent=143296"}],"wp:term":[{"taxonomy":"category","embeddable":true,"href":"https:\/\/vinasfm.com\/noticias\/wp-json\/wp\/v2\/categories?post=143296"},{"taxonomy":"post_tag","embeddable":true,"href":"https:\/\/vinasfm.com\/noticias\/wp-json\/wp\/v2\/tags?post=143296"}],"curies":[{"name":"wp","href":"https:\/\/api.w.org\/{rel}","templated":true}]}}