{"id":143291,"date":"2025-01-08T12:23:40","date_gmt":"2025-01-08T15:23:40","guid":{"rendered":"https:\/\/vinasfm.com\/noticias\/?p=143291"},"modified":"2025-01-09T12:17:44","modified_gmt":"2025-01-09T15:17:44","slug":"verano-2025-siguen-las-actividades-en-las-diferentes-colonias-de-alvear","status":"publish","type":"post","link":"https:\/\/vinasfm.com\/noticias\/verano-2025-siguen-las-actividades-en-las-diferentes-colonias-de-alvear\/","title":{"rendered":"VERANO 2025: SIGUEN LAS ACTIVIDADES EN LAS DIFERENTES COLONIAS DE ALVEAR"},"content":{"rendered":"<h4>Durante la ma\u00f1ana del mi\u00e9rcoles, en la pileta del Club Andes, se llev\u00f3 a cabo un encuentro de nataci\u00f3n, orientado a la formaci\u00f3n y pr\u00e1ctica de los ni\u00f1os en los diferentes estilos de nataci\u00f3n.<\/h4>\n<p>Este encuentro no es una competencia tradicional, sino una oportunidad para que los participantes vivan la experiencia de la nataci\u00f3n y pongan en pr\u00e1ctica lo aprendido en las escuelas y colonias.<br \/>\nCon la participaci\u00f3n de escuelas municipales, como la escuelita del polideportivo, y colonias privadas, se destac\u00f3 la creciente popularidad de la nataci\u00f3n en el verano.<\/p>\n<p>El Profesor Mauricio Olgu\u00edn explic\u00f3:<em><strong> \u201cTodos apuestan al verano porque es la temporada en la que tenemos acceso a las piletas. El objetivo principal es que los chicos aprendan a nadar y se desenvuelvan con confianza en el agua, m\u00e1s all\u00e1 de dominar los estilos\u201d.<\/strong><\/em><\/p>\n<p>Mientras se desarrollaba el encuentro en el complejo Andes, en el polideportivo tuvo lugar un Duatl\u00f3n Infantil, que combin\u00f3 pruebas de nataci\u00f3n y carreras a pie. Este evento, destinado a ni\u00f1os de 6 y 7 a\u00f1os, se repetir\u00e1 semanalmente con diferentes grupos etarios.<br \/>\n<em><strong>\u201cEs una actividad que tambi\u00e9n integra a las familias, ya que muchos padres acompa\u00f1an a sus hijos y participan en el ambiente recreativo\u201d<\/strong><\/em>, a\u00f1adi\u00f3 el profesor.<\/p>\n<p>La Direcci\u00f3n de Deportes del municipio est\u00e1 promoviendo diversas actividades para que los ni\u00f1os y adolescentes disfruten durante la temporada de verano. Adem\u00e1s de la nataci\u00f3n, se ofrecen disciplinas como v\u00f3ley, handball, futsal y otras dirigidas a j\u00f3venes de 13 a 17 a\u00f1os, un grupo que anteriormente ten\u00eda menos opciones en el verano.<\/p>\n<p><em><strong>\u201cEste tipo de iniciativas no solo fomenta el deporte, sino tambi\u00e9n la integraci\u00f3n y el aprendizaje. Queremos que los chicos disfruten, se mantengan activos y se lleven una experiencia enriquecedora\u201d<\/strong><\/em>, concluy\u00f3 Olgu\u00edn.<\/p>\n","protected":false},"excerpt":{"rendered":"<p>Durante la ma\u00f1ana del mi\u00e9rcoles, en la pileta del Club Andes, se llev\u00f3 a cabo un encuentro de nataci\u00f3n, orientado a &#8230;<\/p>\n","protected":false},"author":7,"featured_media":143292,"comment_status":"open","ping_status":"open","sticky":false,"template":"","format":"standard","meta":{"footnotes":""},"categories":[5,10],"tags":[],"class_list":["post-143291","post","type-post","status-publish","format-standard","has-post-thumbnail","hentry","category-actualidad","category-destacadas"],"_links":{"self":[{"href":"https:\/\/vinasfm.com\/noticias\/wp-json\/wp\/v2\/posts\/143291","targetHints":{"allow":["GET"]}}],"collection":[{"href":"https:\/\/vinasfm.com\/noticias\/wp-json\/wp\/v2\/posts"}],"about":[{"href":"https:\/\/vinasfm.com\/noticias\/wp-json\/wp\/v2\/types\/post"}],"author":[{"embeddable":true,"href":"https:\/\/vinasfm.com\/noticias\/wp-json\/wp\/v2\/users\/7"}],"replies":[{"embeddable":true,"href":"https:\/\/vinasfm.com\/noticias\/wp-json\/wp\/v2\/comments?post=143291"}],"version-history":[{"count":1,"href":"https:\/\/vinasfm.com\/noticias\/wp-json\/wp\/v2\/posts\/143291\/revisions"}],"predecessor-version":[{"id":143293,"href":"https:\/\/vinasfm.com\/noticias\/wp-json\/wp\/v2\/posts\/143291\/revisions\/143293"}],"wp:featuredmedia":[{"embeddable":true,"href":"https:\/\/vinasfm.com\/noticias\/wp-json\/wp\/v2\/media\/143292"}],"wp:attachment":[{"href":"https:\/\/vinasfm.com\/noticias\/wp-json\/wp\/v2\/media?parent=143291"}],"wp:term":[{"taxonomy":"category","embeddable":true,"href":"https:\/\/vinasfm.com\/noticias\/wp-json\/wp\/v2\/categories?post=143291"},{"taxonomy":"post_tag","embeddable":true,"href":"https:\/\/vinasfm.com\/noticias\/wp-json\/wp\/v2\/tags?post=143291"}],"curies":[{"name":"wp","href":"https:\/\/api.w.org\/{rel}","templated":true}]}}