{"id":143277,"date":"2025-01-08T09:56:47","date_gmt":"2025-01-08T12:56:47","guid":{"rendered":"https:\/\/vinasfm.com\/noticias\/?p=143277"},"modified":"2025-01-09T10:50:17","modified_gmt":"2025-01-09T13:50:17","slug":"cecsgal-continua-trabajando-en-real-del-padre","status":"publish","type":"post","link":"https:\/\/vinasfm.com\/noticias\/cecsgal-continua-trabajando-en-real-del-padre\/","title":{"rendered":"CECSGAL CONTIN\u00daA TRABAJANDO EN REAL DEL PADRE"},"content":{"rendered":"<h4>Durante las \u00faltimas horas, trabaj\u00f3 todo el personal de Cecsagal con la colaboraci\u00f3n de cooperativas vecinas, gracias a las tareas realizadas se logr\u00f3 restituir el servicio alrededor de las 16hs, en la zona urbana de Real del Padre, como as\u00ed tambi\u00e9n en zonas industriales comprendidas por calles R\u00edo Negro, entre La Inda y Chaco; Ruta Vieja, Correntinos y calle Rinc\u00f3n del Indio.<\/h4>\n<p>Desde las primeras horas del d\u00eda de hoy contin\u00faan las tareas, principalmente abocadas a la reconstrucci\u00f3n de las redes el\u00e9ctricas de Media y Baja Tensi\u00f3n, principalmente en la zona Noreste, donde los da\u00f1os han sido m\u00e1s graves.<\/p>\n<p>Asimismo, el personal de Internet tambi\u00e9n trabaja en el lugar para reparar las redes de Fibra \u00d3ptica afectadas.<\/p>\n<p>&nbsp;<\/p>\n","protected":false},"excerpt":{"rendered":"<p>Durante las \u00faltimas horas, trabaj\u00f3 todo el personal de Cecsagal con la colaboraci\u00f3n de cooperativas vecinas, gracias a las tareas realizadas &#8230;<\/p>\n","protected":false},"author":7,"featured_media":143279,"comment_status":"open","ping_status":"open","sticky":false,"template":"","format":"standard","meta":{"footnotes":""},"categories":[5,60],"tags":[],"class_list":["post-143277","post","type-post","status-publish","format-standard","has-post-thumbnail","hentry","category-actualidad","category-cecsagal"],"_links":{"self":[{"href":"https:\/\/vinasfm.com\/noticias\/wp-json\/wp\/v2\/posts\/143277","targetHints":{"allow":["GET"]}}],"collection":[{"href":"https:\/\/vinasfm.com\/noticias\/wp-json\/wp\/v2\/posts"}],"about":[{"href":"https:\/\/vinasfm.com\/noticias\/wp-json\/wp\/v2\/types\/post"}],"author":[{"embeddable":true,"href":"https:\/\/vinasfm.com\/noticias\/wp-json\/wp\/v2\/users\/7"}],"replies":[{"embeddable":true,"href":"https:\/\/vinasfm.com\/noticias\/wp-json\/wp\/v2\/comments?post=143277"}],"version-history":[{"count":1,"href":"https:\/\/vinasfm.com\/noticias\/wp-json\/wp\/v2\/posts\/143277\/revisions"}],"predecessor-version":[{"id":143280,"href":"https:\/\/vinasfm.com\/noticias\/wp-json\/wp\/v2\/posts\/143277\/revisions\/143280"}],"wp:featuredmedia":[{"embeddable":true,"href":"https:\/\/vinasfm.com\/noticias\/wp-json\/wp\/v2\/media\/143279"}],"wp:attachment":[{"href":"https:\/\/vinasfm.com\/noticias\/wp-json\/wp\/v2\/media?parent=143277"}],"wp:term":[{"taxonomy":"category","embeddable":true,"href":"https:\/\/vinasfm.com\/noticias\/wp-json\/wp\/v2\/categories?post=143277"},{"taxonomy":"post_tag","embeddable":true,"href":"https:\/\/vinasfm.com\/noticias\/wp-json\/wp\/v2\/tags?post=143277"}],"curies":[{"name":"wp","href":"https:\/\/api.w.org\/{rel}","templated":true}]}}