{"id":143229,"date":"2025-01-06T10:18:46","date_gmt":"2025-01-06T13:18:46","guid":{"rendered":"https:\/\/vinasfm.com\/noticias\/?p=143229"},"modified":"2025-01-07T10:55:23","modified_gmt":"2025-01-07T13:55:23","slug":"en-2024-hubo-casi-800-intentos-de-suicidio-en-su-mayoria-cometidos-por-chicas-de-15-a-19-anos","status":"publish","type":"post","link":"https:\/\/vinasfm.com\/noticias\/en-2024-hubo-casi-800-intentos-de-suicidio-en-su-mayoria-cometidos-por-chicas-de-15-a-19-anos\/","title":{"rendered":"EN 2024 HUBO CASI 800 INTENTOS DE SUICIDIO, EN SU MAYOR\u00cdA COMETIDOS POR CHICAS DE 15 A 19 A\u00d1OS"},"content":{"rendered":"<h4><strong>Hubo 790 intentos de suicidio, de los cuales en el 75% de los casos las v\u00edctimas fueron mujeres j\u00f3venes detallaron desde Salud Mental.<\/strong><\/h4>\n<article class=\"article-body first\">\n<div class=\"article-content\">\n<div class=\"cuerpo\" data-twitter-link=\"\">\n<p>Mendoza cerr\u00f3 el 2024 con n\u00fameros que muestran una radiograf\u00eda preocupante sobre la decisi\u00f3n inexorable de acabar con la propia vida. Hubo 790 intentos de<strong><a href=\"https:\/\/www.diariouno.com.ar\/tags\/suicidio\" target=\"_blank\" rel=\"follow noopener\">\u00a0suicidio<\/a><\/strong>, de los cuales en el<strong>\u00a075%\u00a0<\/strong>de los casos las v\u00edctimas fueron<strong>\u00a0mujeres j\u00f3venes\u00a0<\/strong>de entre\u00a0<strong>15 y 19 a\u00f1os<\/strong>. En 5 de los incidentes se consum\u00f3 el deceso, con un escenario predominante en la intimidad de sus hogares.<\/p>\n<\/div>\n<\/div>\n<\/article>\n<article class=\"article-body\">\n<div class=\"article-content\">\n<div class=\"cuerpo\" data-twitter-link=\"\">\n<p>Por primera vez, el \u00e1rea de Salud Mental da n\u00fameros finos sobre una problem\u00e1tica en aumento y de dif\u00edcil abordaje. Lo cierto es que quienes peor la est\u00e1n pasando son los ni\u00f1os y los adolescentes que tienen consumos problem\u00e1ticos en el 20% y problemas de salud mental en el 11% del total del registro.<\/p>\n<p>Los datos fueron denunciados al Sistema Nacional de Vigilancia de la Salud (SNVS) con una carga que se realiza en los principales hospitales, adonde llegan los pacientes con las lesiones autoprovocadas.<\/p>\n<\/div>\n<\/div>\n<\/article>\n<article class=\"article-body third-p\">\n<div class=\"article-content\">\n<div class=\"cuerpo\" data-twitter-link=\"\">\n<h2><strong>Las chicas superan a los varones en los intentos de suicidio<\/strong><\/h2>\n<p>El cuadro muestra la clara incidencia en\u00a0<strong>mujeres de 15 a 19\u00a0<\/strong>en los intentos de suicidio pero que se da en la mayor\u00eda de los grupos etarios. De all\u00ed se desprende que las j\u00f3venes entre los 15 y los 19 a\u00f1os han sido m\u00e1s vulnerables a este tipo de fen\u00f3meno en los meses de enero a octubre. Con picos en enero y octubre del 2024.<\/p>\n<p>Otro de los datos valiosos para la intervenci\u00f3n de este tipo de problem\u00e1tica social, es que la\u00a0<strong>sobreingesta de medicamentos es la principal causa de muerte autoinfligida<\/strong>.<\/p>\n<p>Acorde al n\u00famero absoluto de casos notificados del evento<strong>\u00a0&#8216;Intento de suicidio&#8217;<\/strong>\u00a0seg\u00fan Departamento de Residencia, un 76% corresponde a los departamentos de<strong>\u00a0Las Heras,<\/strong>\u00a0<strong>San Rafael<\/strong>,<strong>\u00a0Guaymall\u00e9n, Godoy Cruz, Gral. Alvear y Capital<\/strong>, de acuerdo con el Bolet\u00edn Epidemiol\u00f3gico publicado por el Ministerio de Salud de Mendoza.<\/p>\n<h2><strong>El 20% de los intentos de suicidio est\u00e1n relacionados con drogas<\/strong><\/h2>\n<p>Otro punto importante de la investigaci\u00f3n del Ministerio de Salud de Mendoza es que en el\u00a0<strong>49%\u00a0<\/strong>de los casos\u00a0<strong>no hay datos<\/strong>\u00a0que expliquen las razones por las que un ni\u00f1o y adolescente llega a la determinaci\u00f3n de no seguir viviendo.<\/p>\n<p>Sin embargo, cuando se empieza a escarbar en su historia cl\u00ednica o en la charla con los padres, surge que en el 20% de los casos hay un antecedente de\u00a0<strong>consumo problem\u00e1tico de drogas<\/strong>\u00a0y le sigue la caracter\u00edstica de poseer un diagn\u00f3stico de salud mental en el 11%.<\/p>\n<p>En el menor porcentaje, apenas el 3%, pose\u00eda una enfermedad cr\u00f3nica, y en el 0% se debi\u00f3 a un familiar que corriera riesgo su vida.<\/p>\n<p>Otro aspecto relevante es que las personas que atentaron contra su vida, s\u00f3lo\u00a0<strong>el 1% tiene problemas de discapacidad<\/strong>.<\/p>\n<p>Por \u00faltimo, en 5 casos hubo referencia a una condici\u00f3n de embarazo.<\/p>\n<p>Con la llegada del a\u00f1o y los cambios en el calendario, enero aparece como un mes de elevados casos de intento de suicidio, seguido por octubre.<\/p>\n<p>Esto lo arrojan los registros de casos que se producen en las \u00e1reas de salud mental. El problema se concentra en el Gran Mendoza.<\/p>\n<h2>Prevenci\u00f3n del suicidio en Mendoza<\/h2>\n<p>Con la estrategia de preparar a los equipo de salud y mejorar la inversi\u00f3n en la asistencia, el ministro Rodolfo Montero anunci\u00f3 en noviembre del a\u00f1o pasado un programa de prevenci\u00f3n del<strong>\u00a0suicidio\u00a0<\/strong>con el aporte de fondos del Instituto de Juegos y Casino a este plan.<\/p>\n<p>En aquel momento vaticin\u00f3 que en enero de este a\u00f1o comenzar\u00edan a enviarse los fondos -estos representan el 25% de lo recaudado en ingresos brutos- con el cual se avanzar\u00e1 en la construcci\u00f3n de dos centros de prevenci\u00f3n en<strong>\u00a0Alvear<\/strong>\u00a0y\u00a0<strong>Rivadavia<\/strong>.<\/p>\n<p>\u00abSon cientos de millones de pesos que nos van a permitir seguir haciendo las transformaciones que nos propusimos. No obstante hemos venido fortaleciendo las camas en salud mental de internaci\u00f3n en los hospitales. Por ejemplo, el Hospital Lencinas las duplic\u00f3\u00bb, declar\u00f3 el ministro Montero.<\/p>\n<p>Para dar un panorama de la situaci\u00f3n de ese momento, el director de Salud Mental Manuel Vilapri\u00f1o advirti\u00f3: \u201cEl suicidio es consecuencia de<strong>\u00a0m\u00faltiples factores<\/strong>, entre ellos, las enfermedades, por eso la labor tiene que ser intersectorial. Saber lo que sucede en el territorio, ya que a m\u00e1s tasa de depresi\u00f3n, trastorno de ansiedad y consumo problem\u00e1tico, m\u00e1s aumento de la\u00a0<strong>tasa de suicidio<\/strong>\u201d, defini\u00f3\u00a0<strong>Manuel Vilapri\u00f1o<\/strong>, psiquiatra y director de Salud Mental y Consumos Problem\u00e1ticos de la provincia.<\/p>\n<p>Tambi\u00e9n hubo un avance en la formaci\u00f3n de m\u00e9dicos residentes en la materia, en el que se subray\u00f3 el crecimiento del n\u00famero de ingresantes de m\u00e9dicos, como psic\u00f3logos para la detecci\u00f3n temprana de los indicadores y las alertas de suicidio, tanto en los hospitales, como en los centros de salud.<\/p>\n<\/div>\n<\/div>\n<\/article>\n","protected":false},"excerpt":{"rendered":"<p>Hubo 790 intentos de suicidio, de los cuales en el 75% de los casos las v\u00edctimas fueron mujeres j\u00f3venes detallaron desde &#8230;<\/p>\n","protected":false},"author":7,"featured_media":143230,"comment_status":"open","ping_status":"open","sticky":false,"template":"","format":"standard","meta":{"footnotes":""},"categories":[5,15],"tags":[],"class_list":["post-143229","post","type-post","status-publish","format-standard","has-post-thumbnail","hentry","category-actualidad","category-salud"],"_links":{"self":[{"href":"https:\/\/vinasfm.com\/noticias\/wp-json\/wp\/v2\/posts\/143229","targetHints":{"allow":["GET"]}}],"collection":[{"href":"https:\/\/vinasfm.com\/noticias\/wp-json\/wp\/v2\/posts"}],"about":[{"href":"https:\/\/vinasfm.com\/noticias\/wp-json\/wp\/v2\/types\/post"}],"author":[{"embeddable":true,"href":"https:\/\/vinasfm.com\/noticias\/wp-json\/wp\/v2\/users\/7"}],"replies":[{"embeddable":true,"href":"https:\/\/vinasfm.com\/noticias\/wp-json\/wp\/v2\/comments?post=143229"}],"version-history":[{"count":1,"href":"https:\/\/vinasfm.com\/noticias\/wp-json\/wp\/v2\/posts\/143229\/revisions"}],"predecessor-version":[{"id":143231,"href":"https:\/\/vinasfm.com\/noticias\/wp-json\/wp\/v2\/posts\/143229\/revisions\/143231"}],"wp:featuredmedia":[{"embeddable":true,"href":"https:\/\/vinasfm.com\/noticias\/wp-json\/wp\/v2\/media\/143230"}],"wp:attachment":[{"href":"https:\/\/vinasfm.com\/noticias\/wp-json\/wp\/v2\/media?parent=143229"}],"wp:term":[{"taxonomy":"category","embeddable":true,"href":"https:\/\/vinasfm.com\/noticias\/wp-json\/wp\/v2\/categories?post=143229"},{"taxonomy":"post_tag","embeddable":true,"href":"https:\/\/vinasfm.com\/noticias\/wp-json\/wp\/v2\/tags?post=143229"}],"curies":[{"name":"wp","href":"https:\/\/api.w.org\/{rel}","templated":true}]}}