{"id":143224,"date":"2025-01-04T12:20:33","date_gmt":"2025-01-04T15:20:33","guid":{"rendered":"https:\/\/vinasfm.com\/noticias\/?p=143224"},"modified":"2025-01-07T00:10:06","modified_gmt":"2025-01-07T03:10:06","slug":"dos-sujetos-fueron-aprehendidos-en-la-madrugada-del-sabado","status":"publish","type":"post","link":"https:\/\/vinasfm.com\/noticias\/dos-sujetos-fueron-aprehendidos-en-la-madrugada-del-sabado\/","title":{"rendered":"DOS SUJETOS FUERON APREHENDIDOS EN LA MADRUGADA DEL S\u00c1BADO"},"content":{"rendered":"<h4><strong>En horas de la madrugada de hoy s\u00e1bado la polic\u00eda detuvo a dos sujetos en General Alvear, en la intersecci\u00f3n de Avenida Alberdi y Calle 25 de Mayo.<\/strong><\/h4>\n<p>Los detenidos, un hombre de 20 a\u00f1os y un menor de 16 a\u00f1os, fueron encontrados con elementos robados, incluyendo una procesadora, una bater\u00eda de veh\u00edculo, un equipo de m\u00fasica, dinero y un cuchillo. La detenci\u00f3n se produjo despu\u00e9s de que se recibi\u00f3 una alerta a trav\u00e9s del 911 sobre sujetos en actitud sospechosa.<\/p>\n","protected":false},"excerpt":{"rendered":"<p>En horas de la madrugada de hoy s\u00e1bado la polic\u00eda detuvo a dos sujetos en General Alvear, en la intersecci\u00f3n de &#8230;<\/p>\n","protected":false},"author":7,"featured_media":121353,"comment_status":"open","ping_status":"open","sticky":false,"template":"","format":"standard","meta":{"footnotes":""},"categories":[5,4],"tags":[],"class_list":["post-143224","post","type-post","status-publish","format-standard","has-post-thumbnail","hentry","category-actualidad","category-policiales"],"_links":{"self":[{"href":"https:\/\/vinasfm.com\/noticias\/wp-json\/wp\/v2\/posts\/143224","targetHints":{"allow":["GET"]}}],"collection":[{"href":"https:\/\/vinasfm.com\/noticias\/wp-json\/wp\/v2\/posts"}],"about":[{"href":"https:\/\/vinasfm.com\/noticias\/wp-json\/wp\/v2\/types\/post"}],"author":[{"embeddable":true,"href":"https:\/\/vinasfm.com\/noticias\/wp-json\/wp\/v2\/users\/7"}],"replies":[{"embeddable":true,"href":"https:\/\/vinasfm.com\/noticias\/wp-json\/wp\/v2\/comments?post=143224"}],"version-history":[{"count":1,"href":"https:\/\/vinasfm.com\/noticias\/wp-json\/wp\/v2\/posts\/143224\/revisions"}],"predecessor-version":[{"id":143225,"href":"https:\/\/vinasfm.com\/noticias\/wp-json\/wp\/v2\/posts\/143224\/revisions\/143225"}],"wp:featuredmedia":[{"embeddable":true,"href":"https:\/\/vinasfm.com\/noticias\/wp-json\/wp\/v2\/media\/121353"}],"wp:attachment":[{"href":"https:\/\/vinasfm.com\/noticias\/wp-json\/wp\/v2\/media?parent=143224"}],"wp:term":[{"taxonomy":"category","embeddable":true,"href":"https:\/\/vinasfm.com\/noticias\/wp-json\/wp\/v2\/categories?post=143224"},{"taxonomy":"post_tag","embeddable":true,"href":"https:\/\/vinasfm.com\/noticias\/wp-json\/wp\/v2\/tags?post=143224"}],"curies":[{"name":"wp","href":"https:\/\/api.w.org\/{rel}","templated":true}]}}