{"id":143199,"date":"2025-01-03T11:03:01","date_gmt":"2025-01-03T14:03:01","guid":{"rendered":"https:\/\/vinasfm.com\/noticias\/?p=143199"},"modified":"2025-01-06T10:18:43","modified_gmt":"2025-01-06T13:18:43","slug":"vendimia-de-la-sabiduria-el-proximo-8-de-enero-sera-la-eleccion-a-reina-del-adulto-mayor","status":"publish","type":"post","link":"https:\/\/vinasfm.com\/noticias\/vendimia-de-la-sabiduria-el-proximo-8-de-enero-sera-la-eleccion-a-reina-del-adulto-mayor\/","title":{"rendered":"VENDIMIA DE LA SABIDUR\u00cdA: EL PR\u00d3XIMO 8 DE ENERO SER\u00c1 LA ELECCI\u00d3N A REINA DEL ADULTO MAYOR"},"content":{"rendered":"<p>En el HCD se organiz\u00f3 un desayuno para las candidatas del adulto mayor que participar\u00e1n en la fiesta departamental del pr\u00f3ximo mi\u00e9rcoles 8 de enero en la costanera. Seis candidatas competir\u00e1n por el t\u00edtulo de Reina del Adulto Mayor Departamental.<\/p>\n<p><a href=\"https:\/\/vinasfm.com\/noticias\/wp-content\/uploads\/2025\/01\/Candidatas-de-Adulto-Mayor.jpg\"><img loading=\"lazy\" decoding=\"async\" class=\" wp-image-143206 aligncenter\" src=\"https:\/\/vinasfm.com\/noticias\/wp-content\/uploads\/2025\/01\/Candidatas-de-Adulto-Mayor-300x200.jpg\" alt=\"\" width=\"351\" height=\"234\" srcset=\"https:\/\/vinasfm.com\/noticias\/wp-content\/uploads\/2025\/01\/Candidatas-de-Adulto-Mayor-300x200.jpg 300w, https:\/\/vinasfm.com\/noticias\/wp-content\/uploads\/2025\/01\/Candidatas-de-Adulto-Mayor-1024x683.jpg 1024w, https:\/\/vinasfm.com\/noticias\/wp-content\/uploads\/2025\/01\/Candidatas-de-Adulto-Mayor-768x512.jpg 768w, https:\/\/vinasfm.com\/noticias\/wp-content\/uploads\/2025\/01\/Candidatas-de-Adulto-Mayor-1536x1024.jpg 1536w, https:\/\/vinasfm.com\/noticias\/wp-content\/uploads\/2025\/01\/Candidatas-de-Adulto-Mayor-2048x1365.jpg 2048w\" sizes=\"auto, (max-width: 351px) 100vw, 351px\" \/><\/a><\/p>\n<p><strong><span style=\"color: #3366ff;\">Jorgelina Peralta<\/span><\/strong>, responsable del \u00c1rea de Adulto Mayor explico como se desarroll\u00f3 la convocatoria: <em><strong>&#8216;las candidatas fueron seleccionadas tras una serie de invitaciones a los centros de jubilados de la zona, como el Barrio Pellegrini, el centro de jubilados de Bowen y el Centro Jubilado de Patricia Mendocinas, entre otros&#8217;.<\/strong><\/em><\/p>\n<p>El evento lleva por nombre <strong><span style=\"color: #800080;\">\u00abVendimia de Sabidur\u00eda\u00bb<\/span><\/strong>, en reconocimiento a la sabidur\u00eda y el aporte que los adultos mayores hacen a la comunidad.<\/p>\n<p>Respecto al reglamento agreg\u00f3:<em><strong> &#8216;se ha establecido un reglamento interno para el sistema de votaci\u00f3n, que contar\u00e1 con la participaci\u00f3n del intendente departamental, el intendente municipal, el presidente del Consejo Deliberante, concejales, un representante de la provincia y legisladores provinciales&#8217;.<\/strong><\/em><\/p>\n<p>La ganadora del t\u00edtulo de Reina del Adulto Mayor Departamental representar\u00e1 al departamento en la fiesta provincial, programada para los primeros d\u00edas de febrero, donde competir\u00e1n los 18 departamentos para elegir a la Reina y Virreina Provincial del Adulto Mayor.<\/p>\n<p><strong><span style=\"color: #3366ff;\">Alicia Bertomeau<\/span><\/strong> la reina departamental de adultos mayores reflexion\u00f3 sobre su experiencia durante el a\u00f1o: <em><strong>&#8216;destaco los logros y proyectos realizados. Entre ellos, menciono la creaci\u00f3n de la fiesta departamental de adultos mayores, la inclusi\u00f3n de la reina departamental en la vendimia y la formaci\u00f3n de un ballet municipal de adultos mayores&#8217;.<\/strong><\/em><\/p>\n<p><a href=\"https:\/\/vinasfm.com\/noticias\/wp-content\/uploads\/2025\/01\/Alicia-Adulto-Mayor.jpg\"><img loading=\"lazy\" decoding=\"async\" class=\" wp-image-143208 aligncenter\" src=\"https:\/\/vinasfm.com\/noticias\/wp-content\/uploads\/2025\/01\/Alicia-Adulto-Mayor-300x200.jpg\" alt=\"\" width=\"326\" height=\"217\" srcset=\"https:\/\/vinasfm.com\/noticias\/wp-content\/uploads\/2025\/01\/Alicia-Adulto-Mayor-300x200.jpg 300w, https:\/\/vinasfm.com\/noticias\/wp-content\/uploads\/2025\/01\/Alicia-Adulto-Mayor-1024x683.jpg 1024w, https:\/\/vinasfm.com\/noticias\/wp-content\/uploads\/2025\/01\/Alicia-Adulto-Mayor-768x512.jpg 768w, https:\/\/vinasfm.com\/noticias\/wp-content\/uploads\/2025\/01\/Alicia-Adulto-Mayor-1536x1024.jpg 1536w, https:\/\/vinasfm.com\/noticias\/wp-content\/uploads\/2025\/01\/Alicia-Adulto-Mayor-2048x1365.jpg 2048w\" sizes=\"auto, (max-width: 326px) 100vw, 326px\" \/><\/a><\/p>\n<p><em><strong>&#8216;Aprendamos la necesidad de escuchar a los adultos mayores y valorar su sabidur\u00eda y experiencia. Es importate transmitir valores respetando a las nuevas generaciones&#8217;.<\/strong><\/em><\/p>\n","protected":false},"excerpt":{"rendered":"<p>En el HCD se organiz\u00f3 un desayuno para las candidatas del adulto mayor que participar\u00e1n en la fiesta departamental del pr\u00f3ximo &#8230;<\/p>\n","protected":false},"author":7,"featured_media":143205,"comment_status":"open","ping_status":"open","sticky":false,"template":"","format":"standard","meta":{"footnotes":""},"categories":[5,25],"tags":[],"class_list":["post-143199","post","type-post","status-publish","format-standard","has-post-thumbnail","hentry","category-actualidad","category-vendimia"],"_links":{"self":[{"href":"https:\/\/vinasfm.com\/noticias\/wp-json\/wp\/v2\/posts\/143199","targetHints":{"allow":["GET"]}}],"collection":[{"href":"https:\/\/vinasfm.com\/noticias\/wp-json\/wp\/v2\/posts"}],"about":[{"href":"https:\/\/vinasfm.com\/noticias\/wp-json\/wp\/v2\/types\/post"}],"author":[{"embeddable":true,"href":"https:\/\/vinasfm.com\/noticias\/wp-json\/wp\/v2\/users\/7"}],"replies":[{"embeddable":true,"href":"https:\/\/vinasfm.com\/noticias\/wp-json\/wp\/v2\/comments?post=143199"}],"version-history":[{"count":4,"href":"https:\/\/vinasfm.com\/noticias\/wp-json\/wp\/v2\/posts\/143199\/revisions"}],"predecessor-version":[{"id":143209,"href":"https:\/\/vinasfm.com\/noticias\/wp-json\/wp\/v2\/posts\/143199\/revisions\/143209"}],"wp:featuredmedia":[{"embeddable":true,"href":"https:\/\/vinasfm.com\/noticias\/wp-json\/wp\/v2\/media\/143205"}],"wp:attachment":[{"href":"https:\/\/vinasfm.com\/noticias\/wp-json\/wp\/v2\/media?parent=143199"}],"wp:term":[{"taxonomy":"category","embeddable":true,"href":"https:\/\/vinasfm.com\/noticias\/wp-json\/wp\/v2\/categories?post=143199"},{"taxonomy":"post_tag","embeddable":true,"href":"https:\/\/vinasfm.com\/noticias\/wp-json\/wp\/v2\/tags?post=143199"}],"curies":[{"name":"wp","href":"https:\/\/api.w.org\/{rel}","templated":true}]}}