{"id":143191,"date":"2025-01-03T08:46:30","date_gmt":"2025-01-03T11:46:30","guid":{"rendered":"https:\/\/vinasfm.com\/noticias\/?p=143191"},"modified":"2025-01-04T11:46:28","modified_gmt":"2025-01-04T14:46:28","slug":"cuanto-cobraran-las-empleadas-domesticas-en-enero-de-2025","status":"publish","type":"post","link":"https:\/\/vinasfm.com\/noticias\/cuanto-cobraran-las-empleadas-domesticas-en-enero-de-2025\/","title":{"rendered":"CU\u00c1NTO COBRAR\u00c1N LAS EMPLEADAS DOM\u00c9STICAS EN ENERO DE 2025"},"content":{"rendered":"<h4 class=\"h3 col-12 md-col-8 font-src black-3 mb1\">El \u00faltimo incremento salarial para las empleadas dom\u00e9sticas fue en el bimestre septiembre-octubre.<\/h4>\n<p>Los trabajadores del servicio dom\u00e9stico cobrar\u00e1n en enero del 2025 la misma cifra que percibieron en noviembre del a\u00f1o pasado. Esto debido a que no ha habido avances en las negociaciones entre Comisi\u00f3n Nacional de Trabajo en Casas Particulares y el gremio, la Uni\u00f3n de Personal Auxiliar de Casas Particulares.<\/p>\n<p>El \u00faltimo incremento salarial para los trabajadores de este sector fue en el bimestre septiembre-octubre. Por lo tanto, enero podr\u00eda ser el tercer mes en el que no tendr\u00e1n ning\u00fan tipo de ajuste de su sueldo en relaci\u00f3n con la inflaci\u00f3n.<\/p>\n<p>De no haber acercamiento entre las partes,\u00a0<b>en el primer mes del a\u00f1o se mantendr\u00e1 la siguiente escala salarial:<\/b><\/p>\n<h2 class=\"\">Supervisor\/a<\/h2>\n<p><b>Con retiro:\u00a0<\/b>$3.351 por hora y $418.240 mensuales.<\/p>\n<p><b>Sin retiro:\u00a0<\/b>$3.670 y $432.543 mensuales.<\/p>\n<h2 class=\"\">Personal para tareas espec\u00edficas<\/h2>\n<p><b>Con retiro:\u00a0<\/b>$3.175 por hora y $388.569 mensuales.<\/p>\n<p><b>Sin retiro:<\/b>\u00a0$3.480 por hora y $432.543 mensuales.<\/p>\n<h2 class=\"\">Caseros<\/h2>\n<p><b>Hora:<\/b>\u00a0$2.997 y $379.111 mensuales.<\/p>\n<h2 class=\"\">Asistencia y cuidado de personas<\/h2>\n<p><b>Con retiro:\u00a0<\/b>$2.998 por hora y $379.111 mensuales.<\/p>\n<p><b>Sin retiro:<\/b>\u00a0$3.352 por hora y $422.480 mensuales.<\/p>\n<h2 class=\"\">Personal para tareas generales<\/h2>\n<p><b>Con retiro:<\/b>\u00a0$2.780 por hora y $340.930 mensuales<\/p>\n<p><b>Sin retiro:<\/b>\u00a0$2.998 por hora y $379.111 mensuales<\/p>\n<p>Las vacaciones se tienen que otorgar dentro del per\u00edodo comprendido entre el 1\u00b0 de noviembre del a\u00f1o por el que se toma vacaciones y el 30 de marzo siguiente. Adem\u00e1s, el trabajador puede pedir que se fraccionen los d\u00edas que le correspondan para usarlos en otras \u00e9pocas del a\u00f1o.<\/p>\n","protected":false},"excerpt":{"rendered":"<p>El \u00faltimo incremento salarial para las empleadas dom\u00e9sticas fue en el bimestre septiembre-octubre. Los trabajadores del servicio dom\u00e9stico cobrar\u00e1n en enero &#8230;<\/p>\n","protected":false},"author":7,"featured_media":125112,"comment_status":"open","ping_status":"open","sticky":false,"template":"","format":"standard","meta":{"footnotes":""},"categories":[5,169],"tags":[],"class_list":["post-143191","post","type-post","status-publish","format-standard","has-post-thumbnail","hentry","category-actualidad","category-aumentos"],"_links":{"self":[{"href":"https:\/\/vinasfm.com\/noticias\/wp-json\/wp\/v2\/posts\/143191","targetHints":{"allow":["GET"]}}],"collection":[{"href":"https:\/\/vinasfm.com\/noticias\/wp-json\/wp\/v2\/posts"}],"about":[{"href":"https:\/\/vinasfm.com\/noticias\/wp-json\/wp\/v2\/types\/post"}],"author":[{"embeddable":true,"href":"https:\/\/vinasfm.com\/noticias\/wp-json\/wp\/v2\/users\/7"}],"replies":[{"embeddable":true,"href":"https:\/\/vinasfm.com\/noticias\/wp-json\/wp\/v2\/comments?post=143191"}],"version-history":[{"count":1,"href":"https:\/\/vinasfm.com\/noticias\/wp-json\/wp\/v2\/posts\/143191\/revisions"}],"predecessor-version":[{"id":143192,"href":"https:\/\/vinasfm.com\/noticias\/wp-json\/wp\/v2\/posts\/143191\/revisions\/143192"}],"wp:featuredmedia":[{"embeddable":true,"href":"https:\/\/vinasfm.com\/noticias\/wp-json\/wp\/v2\/media\/125112"}],"wp:attachment":[{"href":"https:\/\/vinasfm.com\/noticias\/wp-json\/wp\/v2\/media?parent=143191"}],"wp:term":[{"taxonomy":"category","embeddable":true,"href":"https:\/\/vinasfm.com\/noticias\/wp-json\/wp\/v2\/categories?post=143191"},{"taxonomy":"post_tag","embeddable":true,"href":"https:\/\/vinasfm.com\/noticias\/wp-json\/wp\/v2\/tags?post=143191"}],"curies":[{"name":"wp","href":"https:\/\/api.w.org\/{rel}","templated":true}]}}