{"id":143157,"date":"2025-01-02T08:47:50","date_gmt":"2025-01-02T11:47:50","guid":{"rendered":"https:\/\/vinasfm.com\/noticias\/?p=143157"},"modified":"2025-01-02T22:40:58","modified_gmt":"2025-01-03T01:40:58","slug":"un-nuevo-siniestro-vial-se-produjo-en-la-manana-del-jueves","status":"publish","type":"post","link":"https:\/\/vinasfm.com\/noticias\/un-nuevo-siniestro-vial-se-produjo-en-la-manana-del-jueves\/","title":{"rendered":"UN NUEVO SINIESTRO VIAL SE PRODUJO EN LA MA\u00d1ANA DEL JUEVES"},"content":{"rendered":"<p>Se report\u00f3 un accidente de tr\u00e1fico en la intersecci\u00f3n de las calles Mitre y Caseros.<\/p>\n<p>Colisionaron dos veh\u00edculos: una camioneta Saveiro que circulaba por calle Mitre y un Fiat 500 que circulaba por calle Caseros.<\/p>\n<p>A las 7:05, un paciente masculino de 18 a\u00f1os, ocupante de uno de los veh\u00edculos involucrados, fue ingresado en ambulancia con signos de Traumatismo Enc\u00e9falo Craneano (TEC), Otorragia (sangrado en el o\u00eddo) y Politraumatismos. Debido a la gravedad de sus lesiones, fue internado en terapia intensiva y posteriormente trasladado al Hospital Schestakow para recibir atenci\u00f3n especializada.<\/p>\n<p>A las 7:07, otro paciente masculino de 18 a\u00f1os, tambi\u00e9n ocupante del veh\u00edculo, fue ingresado en ambulancia. Despu\u00e9s de realizarse los estudios correspondientes, se le dio el alta.<\/p>\n<p>Adem\u00e1s, tres pacientes m\u00e1s llegaron al hospital de forma ambulatoria y, tras realizarse los estudios necesarios, tambi\u00e9n recibieron el alta.<\/p>\n<p>&nbsp;<\/p>\n","protected":false},"excerpt":{"rendered":"<p>Se report\u00f3 un accidente de tr\u00e1fico en la intersecci\u00f3n de las calles Mitre y Caseros. Colisionaron dos veh\u00edculos: una camioneta Saveiro &#8230;<\/p>\n","protected":false},"author":7,"featured_media":143160,"comment_status":"open","ping_status":"open","sticky":false,"template":"","format":"standard","meta":{"footnotes":""},"categories":[5,4],"tags":[],"class_list":["post-143157","post","type-post","status-publish","format-standard","has-post-thumbnail","hentry","category-actualidad","category-policiales"],"_links":{"self":[{"href":"https:\/\/vinasfm.com\/noticias\/wp-json\/wp\/v2\/posts\/143157","targetHints":{"allow":["GET"]}}],"collection":[{"href":"https:\/\/vinasfm.com\/noticias\/wp-json\/wp\/v2\/posts"}],"about":[{"href":"https:\/\/vinasfm.com\/noticias\/wp-json\/wp\/v2\/types\/post"}],"author":[{"embeddable":true,"href":"https:\/\/vinasfm.com\/noticias\/wp-json\/wp\/v2\/users\/7"}],"replies":[{"embeddable":true,"href":"https:\/\/vinasfm.com\/noticias\/wp-json\/wp\/v2\/comments?post=143157"}],"version-history":[{"count":6,"href":"https:\/\/vinasfm.com\/noticias\/wp-json\/wp\/v2\/posts\/143157\/revisions"}],"predecessor-version":[{"id":143184,"href":"https:\/\/vinasfm.com\/noticias\/wp-json\/wp\/v2\/posts\/143157\/revisions\/143184"}],"wp:featuredmedia":[{"embeddable":true,"href":"https:\/\/vinasfm.com\/noticias\/wp-json\/wp\/v2\/media\/143160"}],"wp:attachment":[{"href":"https:\/\/vinasfm.com\/noticias\/wp-json\/wp\/v2\/media?parent=143157"}],"wp:term":[{"taxonomy":"category","embeddable":true,"href":"https:\/\/vinasfm.com\/noticias\/wp-json\/wp\/v2\/categories?post=143157"},{"taxonomy":"post_tag","embeddable":true,"href":"https:\/\/vinasfm.com\/noticias\/wp-json\/wp\/v2\/tags?post=143157"}],"curies":[{"name":"wp","href":"https:\/\/api.w.org\/{rel}","templated":true}]}}