{"id":143121,"date":"2024-12-30T09:23:38","date_gmt":"2024-12-30T12:23:38","guid":{"rendered":"https:\/\/vinasfm.com\/noticias\/?p=143121"},"modified":"2024-12-31T08:32:29","modified_gmt":"2024-12-31T11:32:29","slug":"vendimia-del-infinito-alvear-oeste-corono-a-su-reina","status":"publish","type":"post","link":"https:\/\/vinasfm.com\/noticias\/vendimia-del-infinito-alvear-oeste-corono-a-su-reina\/","title":{"rendered":"VENDIMIA DEL INFINITO: ALVEAR OESTE CORON\u00d3 A SU REINA"},"content":{"rendered":"<h4>Este domingo, el distrito de Alvear Oeste dio inicio a la Vendimia del Infinito con un evento lleno de emoci\u00f3n y tradiciones. La coronaci\u00f3n de la reina Antonella Palazzolo tuvo lugar en la biblioteca Carlos Mar\u00eda de Alvear, un espacio que se transform\u00f3 para la ocasi\u00f3n, acogiendo a una buena cantidad de vecinos que se unieron para celebrar esta festividad tan significativa.<\/h4>\n<p>La delegada Jimena Garc\u00eda destac\u00f3 la decisi\u00f3n de realizar el evento en la biblioteca, subrayando la importancia de darle un uso cultural al espacio.<em><strong> \u00abLa delegaci\u00f3n form\u00f3 una comisi\u00f3n de vendimia para apoyar a Antonella, quien representa las ra\u00edces del distrito. Nos preparamos para un mes intenso de actividades relacionadas con la vendimia y estamos emocionados por lo que viene\u00bb<\/strong><\/em>, expres\u00f3 Garc\u00eda.<\/p>\n<p>Antonella Palazzolo, la nueva reina, tiene 20 a\u00f1os y es asistente jur\u00eddico. Adem\u00e1s, se dedica al modelaje y trabaja en medios de comunicaci\u00f3n. Con una estatura de 1,70 metros, ojos marrones y cabello rubio, Antonella es una joven polifac\u00e9tica que disfruta correr, pasar tiempo con su familia y amigos, tomar mates y ver f\u00fatbol.<\/p>\n<p>Emocionada por su nuevo rol como representante de Alvear Oeste, Antonella comparti\u00f3 c\u00f3mo fue contactada por la delegada Jimena Garc\u00eda.<em><strong> \u00abDespu\u00e9s de pensarlo, decid\u00ed aceptar y me siento preparada para comprometerme con la representaci\u00f3n\u00bb<\/strong><\/em>, confes\u00f3. Residente de La Marzolina, Antonella expres\u00f3 su orgullo por su distrito y envi\u00f3 un saludo especial a los agricultores y trabajadores locales:<em><strong> \u00abAgradezco su dedicaci\u00f3n y esfuerzo en tiempos dif\u00edciles\u00bb<\/strong><\/em>.<\/p>\n<p>El evento no solo celebr\u00f3 la coronaci\u00f3n de Antonella, sino que tambi\u00e9n incluy\u00f3 espect\u00e1culos art\u00edsticos y bailes tradicionales que mantuvieron viva la esencia cultural del distrito. La Vendimia del Infinito promete ser un mes lleno de actividades emocionantes que fortalecer\u00e1n el sentido de comunidad y tradici\u00f3n entre los habitantes.<\/p>\n","protected":false},"excerpt":{"rendered":"<p>Este domingo, el distrito de Alvear Oeste dio inicio a la Vendimia del Infinito con un evento lleno de emoci\u00f3n y &#8230;<\/p>\n","protected":false},"author":7,"featured_media":143124,"comment_status":"open","ping_status":"open","sticky":false,"template":"","format":"standard","meta":{"footnotes":""},"categories":[5,25],"tags":[],"class_list":["post-143121","post","type-post","status-publish","format-standard","has-post-thumbnail","hentry","category-actualidad","category-vendimia"],"_links":{"self":[{"href":"https:\/\/vinasfm.com\/noticias\/wp-json\/wp\/v2\/posts\/143121","targetHints":{"allow":["GET"]}}],"collection":[{"href":"https:\/\/vinasfm.com\/noticias\/wp-json\/wp\/v2\/posts"}],"about":[{"href":"https:\/\/vinasfm.com\/noticias\/wp-json\/wp\/v2\/types\/post"}],"author":[{"embeddable":true,"href":"https:\/\/vinasfm.com\/noticias\/wp-json\/wp\/v2\/users\/7"}],"replies":[{"embeddable":true,"href":"https:\/\/vinasfm.com\/noticias\/wp-json\/wp\/v2\/comments?post=143121"}],"version-history":[{"count":1,"href":"https:\/\/vinasfm.com\/noticias\/wp-json\/wp\/v2\/posts\/143121\/revisions"}],"predecessor-version":[{"id":143123,"href":"https:\/\/vinasfm.com\/noticias\/wp-json\/wp\/v2\/posts\/143121\/revisions\/143123"}],"wp:featuredmedia":[{"embeddable":true,"href":"https:\/\/vinasfm.com\/noticias\/wp-json\/wp\/v2\/media\/143124"}],"wp:attachment":[{"href":"https:\/\/vinasfm.com\/noticias\/wp-json\/wp\/v2\/media?parent=143121"}],"wp:term":[{"taxonomy":"category","embeddable":true,"href":"https:\/\/vinasfm.com\/noticias\/wp-json\/wp\/v2\/categories?post=143121"},{"taxonomy":"post_tag","embeddable":true,"href":"https:\/\/vinasfm.com\/noticias\/wp-json\/wp\/v2\/tags?post=143121"}],"curies":[{"name":"wp","href":"https:\/\/api.w.org\/{rel}","templated":true}]}}