{"id":142950,"date":"2024-12-23T11:23:50","date_gmt":"2024-12-23T14:23:50","guid":{"rendered":"https:\/\/vinasfm.com\/noticias\/?p=142950"},"modified":"2024-12-24T10:28:24","modified_gmt":"2024-12-24T13:28:24","slug":"magica-navidad-en-alvear-villancicos-y-alegria-para-toda-la-familia","status":"publish","type":"post","link":"https:\/\/vinasfm.com\/noticias\/magica-navidad-en-alvear-villancicos-y-alegria-para-toda-la-familia\/","title":{"rendered":"M\u00c1GICA NAVIDAD EN ALVEAR: VILLANCICOS Y ALEGR\u00cdA PARA TODA LA FAMILIA"},"content":{"rendered":"<h4><span style=\"color: #000000;\">General Alvear vivi\u00f3 con alegr\u00eda, la propuesta cultural \u00abNavidad con Villancicos\u00bb, un evento que cada s\u00e1bado y domingo de diciembre llen\u00f3 la Plaza \u201cCarlos Mar\u00eda de Alvear\u201d de m\u00fasica, magia y esp\u00edritu navide\u00f1o.<\/span><\/h4>\n<p><span style=\"color: #000000;\">Durante los fines de semana,<strong> una amplia participaci\u00f3n de familias y ni\u00f1os disfrutaron de una experiencia inolvidable, desde m\u00fasica, teatro y hasta incluy\u00f3 la presencia de Pap\u00e1 Noel<\/strong>, quien se rob\u00f3 todas las miradas y los corazones. Gran clima festivo se ha generado en la ciudad, gracias a la decoraci\u00f3n de la avenida y la plaza central.<\/span><\/p>\n<p><span style=\"color: #000000;\">La <em>directora de Cultura<\/em> <span style=\"color: #003366;\"><strong>Mar\u00eda Delia Acheton<\/strong><\/span>i, expres\u00f3: \u201c<em><strong>El balance es s\u00faper positivo. La gente est\u00e1 feliz, podemos verlo en sus expresiones y comentarios. Los ni\u00f1os disfrutan entregando cartas a Pap\u00e1 Noel y tom\u00e1ndose fotos, y eso nos llena de alegr\u00eda\u201d.<\/strong><\/em><\/span><\/p>\n<p><a href=\"https:\/\/vinasfm.com\/noticias\/wp-content\/uploads\/2024\/12\/IMG-20241223-WA0069.jpg\"><img loading=\"lazy\" decoding=\"async\" class=\"alignnone wp-image-142951 size-large\" src=\"https:\/\/vinasfm.com\/noticias\/wp-content\/uploads\/2024\/12\/IMG-20241223-WA0069-1024x575.jpg\" alt=\"\" width=\"1024\" height=\"575\" srcset=\"https:\/\/vinasfm.com\/noticias\/wp-content\/uploads\/2024\/12\/IMG-20241223-WA0069-1024x575.jpg 1024w, https:\/\/vinasfm.com\/noticias\/wp-content\/uploads\/2024\/12\/IMG-20241223-WA0069-300x168.jpg 300w, https:\/\/vinasfm.com\/noticias\/wp-content\/uploads\/2024\/12\/IMG-20241223-WA0069-768x431.jpg 768w, https:\/\/vinasfm.com\/noticias\/wp-content\/uploads\/2024\/12\/IMG-20241223-WA0069-1536x862.jpg 1536w, https:\/\/vinasfm.com\/noticias\/wp-content\/uploads\/2024\/12\/IMG-20241223-WA0069-750x420.jpg 750w, https:\/\/vinasfm.com\/noticias\/wp-content\/uploads\/2024\/12\/IMG-20241223-WA0069-1140x641.jpg 1140w, https:\/\/vinasfm.com\/noticias\/wp-content\/uploads\/2024\/12\/IMG-20241223-WA0069.jpg 1600w\" sizes=\"auto, (max-width: 1024px) 100vw, 1024px\" \/><\/a><\/p>\n<p><span style=\"color: #000000;\">Uno de los atractivos m\u00e1s destacados ha sido el innovador <em>\u201cpino inteligente\u201d<\/em>, una estructura de luces LED que ha sorprendido tanto a vecinos como a turistas. <em><strong>\u00abEs algo que nunca hab\u00edamos tenido y ahora todos los alvearenses pueden disfrutarlo y sacarse fotos\u00bb<\/strong><\/em>, se\u00f1al\u00f3.<\/span><\/p>\n<p><span style=\"color: #000000;\">Las actividades continuar\u00e1n el pr\u00f3ximo fin de semana con la premiaci\u00f3n del concurso de vidrieras navide\u00f1as el s\u00e1bado y la presentaci\u00f3n de la Banda Municipal. El domingo, el evento cerrar\u00e1 con un coro evang\u00e9lico y m\u00fasica navide\u00f1a, invitando a todos a disfrutar del esp\u00edritu de la Navidad en la plaza central.<\/span><\/p>\n","protected":false},"excerpt":{"rendered":"<p>General Alvear vivi\u00f3 con alegr\u00eda, la propuesta cultural \u00abNavidad con Villancicos\u00bb, un evento que cada s\u00e1bado y domingo de diciembre llen\u00f3 &#8230;<\/p>\n","protected":false},"author":7,"featured_media":142952,"comment_status":"open","ping_status":"open","sticky":false,"template":"","format":"standard","meta":{"footnotes":""},"categories":[19,11],"tags":[],"class_list":["post-142950","post","type-post","status-publish","format-standard","has-post-thumbnail","hentry","category-cultura","category-sociales"],"_links":{"self":[{"href":"https:\/\/vinasfm.com\/noticias\/wp-json\/wp\/v2\/posts\/142950","targetHints":{"allow":["GET"]}}],"collection":[{"href":"https:\/\/vinasfm.com\/noticias\/wp-json\/wp\/v2\/posts"}],"about":[{"href":"https:\/\/vinasfm.com\/noticias\/wp-json\/wp\/v2\/types\/post"}],"author":[{"embeddable":true,"href":"https:\/\/vinasfm.com\/noticias\/wp-json\/wp\/v2\/users\/7"}],"replies":[{"embeddable":true,"href":"https:\/\/vinasfm.com\/noticias\/wp-json\/wp\/v2\/comments?post=142950"}],"version-history":[{"count":2,"href":"https:\/\/vinasfm.com\/noticias\/wp-json\/wp\/v2\/posts\/142950\/revisions"}],"predecessor-version":[{"id":142954,"href":"https:\/\/vinasfm.com\/noticias\/wp-json\/wp\/v2\/posts\/142950\/revisions\/142954"}],"wp:featuredmedia":[{"embeddable":true,"href":"https:\/\/vinasfm.com\/noticias\/wp-json\/wp\/v2\/media\/142952"}],"wp:attachment":[{"href":"https:\/\/vinasfm.com\/noticias\/wp-json\/wp\/v2\/media?parent=142950"}],"wp:term":[{"taxonomy":"category","embeddable":true,"href":"https:\/\/vinasfm.com\/noticias\/wp-json\/wp\/v2\/categories?post=142950"},{"taxonomy":"post_tag","embeddable":true,"href":"https:\/\/vinasfm.com\/noticias\/wp-json\/wp\/v2\/tags?post=142950"}],"curies":[{"name":"wp","href":"https:\/\/api.w.org\/{rel}","templated":true}]}}