{"id":142924,"date":"2024-12-23T08:56:04","date_gmt":"2024-12-23T11:56:04","guid":{"rendered":"https:\/\/vinasfm.com\/noticias\/?p=142924"},"modified":"2024-12-24T10:30:13","modified_gmt":"2024-12-24T13:30:13","slug":"general-alvear-se-prepara-para-la-vendimia-del-infinito","status":"publish","type":"post","link":"https:\/\/vinasfm.com\/noticias\/general-alvear-se-prepara-para-la-vendimia-del-infinito\/","title":{"rendered":"GENERAL ALVEAR SE PREPARA PARA LA \u00abVENDIMIA DEL INFINITO\u00bb"},"content":{"rendered":"<h4><span style=\"color: #000000;\">El pasado s\u00e1bado, se llev\u00f3 a cabo la presentaci\u00f3n oficial de la fiesta de la Vendimia en General Alvear, un evento que promete ser inolvidable. <\/span><\/h4>\n<p><span style=\"color: #000000;\">La cita tuvo lugar en Casa Salonia y cont\u00f3 con la presencia del <span style=\"color: #003366;\"><strong>Intendente Alejandro Molero<\/strong><\/span>, miembros de su gabinete y diversas personalidades vinculadas al mundo de la vendimia. Juntos, dieron a conocer lo que ser\u00e1 <em>\u201cVendimia del Infinito\u201d<\/em>, <strong>un espect\u00e1culo que incluye coronaciones y un acto especial previo al evento central programado para el pr\u00f3ximo 31 de enero.<\/strong><\/span><\/p>\n<p><span style=\"color: #000000;\">La <em>Directora de Cultura<\/em>, <span style=\"color: #003366;\"><strong>Mar\u00eda Delia Achetoni<\/strong><\/span>, enfatiz\u00f3 que la fiesta de la Vendimia est\u00e1 repleta de actividades y eventos programados para enero. <strong>Las celebraciones comenzar\u00e1n el 29 de diciembre en Alvear Oeste y se extender\u00e1n por diferentes localidades, incluyendo Barrio San Carlos el 5 de enero, El Desv\u00edo el 11, Carmensa el 12, Barrio El Cald\u00e9n y Ciudad el 18, para culminar en Bowen con la bendici\u00f3n de los frutos.<\/strong> Este cronograma diverso busca involucrar a toda la comunidad y celebrar la rica tradici\u00f3n vitivin\u00edcola de la regi\u00f3n.<\/span><\/p>\n<p><span style=\"color: #000000;\">El Intendente Molero destac\u00f3 que <strong><em>\u201cse est\u00e1 lanzando la Vendimia del Infinito\u201d<\/em><\/strong>, una propuesta que tiene como objetivo <strong>ofrecer una agenda cultural y festiva que reconozca y motive a los labriegos y productores del agro en General Alvear.<\/strong> Este enfoque no solo celebra la cosecha, sino que tambi\u00e9n rinde homenaje al esfuerzo y dedicaci\u00f3n de quienes trabajan en el campo.<\/span><\/p>\n<p><a href=\"https:\/\/vinasfm.com\/noticias\/wp-content\/uploads\/2024\/12\/IMG-20241223-WA0018.jpg\"><img loading=\"lazy\" decoding=\"async\" class=\"alignnone wp-image-142927 size-large\" src=\"https:\/\/vinasfm.com\/noticias\/wp-content\/uploads\/2024\/12\/IMG-20241223-WA0018-1024x682.jpg\" alt=\"\" width=\"1024\" height=\"682\" srcset=\"https:\/\/vinasfm.com\/noticias\/wp-content\/uploads\/2024\/12\/IMG-20241223-WA0018-1024x682.jpg 1024w, https:\/\/vinasfm.com\/noticias\/wp-content\/uploads\/2024\/12\/IMG-20241223-WA0018-300x200.jpg 300w, https:\/\/vinasfm.com\/noticias\/wp-content\/uploads\/2024\/12\/IMG-20241223-WA0018-768x512.jpg 768w, https:\/\/vinasfm.com\/noticias\/wp-content\/uploads\/2024\/12\/IMG-20241223-WA0018-1536x1023.jpg 1536w, https:\/\/vinasfm.com\/noticias\/wp-content\/uploads\/2024\/12\/IMG-20241223-WA0018.jpg 1600w\" sizes=\"auto, (max-width: 1024px) 100vw, 1024px\" \/><\/a><\/p>\n<p><span style=\"color: #000000;\"><span style=\"color: #003366;\"><strong>Ariel Gonz\u00e1lez<\/strong><\/span>, <em>director general del espect\u00e1culo vendimial<\/em>, comparti\u00f3 su visi\u00f3n sobre <em>\u201cVendimia del Infinito\u201d<\/em>. Seg\u00fan \u00e9l, esta edici\u00f3n <strong>buscar\u00e1 mostrar la identidad mendocina a trav\u00e9s de una representaci\u00f3n visual y cultural innovadora, sin perder la esencia y calidez que caracteriza a la Vendimia tradicional.<\/strong> Gonz\u00e1lez explic\u00f3 que su equipo, conformado por profesionales con experiencia en diferentes aspectos de festividades similares, <strong>est\u00e1 trabajando arduamente en la producci\u00f3n del evento. Esto incluye castings para actores, cantantes y m\u00fasicos que participar\u00e1n en el espect\u00e1culo.<\/strong><\/span><\/p>\n<p><span style=\"color: #000000;\"><strong>La elecci\u00f3n de la plaza como el lugar ideal para el evento se debe a su accesibilidad y ambiente propicio para disfrutar de las festividades.<\/strong> Se espera que \u201cVendimia del Infinito\u201d sea un deleite tanto para el p\u00fablico local como para los visitantes extranjeros, reforzando as\u00ed el atractivo tur\u00edstico y cultural de General Alvear.<\/span><\/p>\n<p><span style=\"color: #000000;\">Con una agenda tan vibrante y una propuesta fresca e inclusiva, la fiesta de la Vendimia promete ser un momento destacado en el calendario cultural de la regi\u00f3n.<strong> La comunidad se prepara para celebrar no solo los frutos de la tierra, sino tambi\u00e9n su rica herencia cultural y las tradiciones que hacen \u00fanica a esta celebraci\u00f3n.<\/strong><\/span><\/p>\n","protected":false},"excerpt":{"rendered":"<p>El pasado s\u00e1bado, se llev\u00f3 a cabo la presentaci\u00f3n oficial de la fiesta de la Vendimia en General Alvear, un evento &#8230;<\/p>\n","protected":false},"author":7,"featured_media":142926,"comment_status":"open","ping_status":"open","sticky":false,"template":"","format":"standard","meta":{"footnotes":""},"categories":[19,25],"tags":[],"class_list":["post-142924","post","type-post","status-publish","format-standard","has-post-thumbnail","hentry","category-cultura","category-vendimia"],"_links":{"self":[{"href":"https:\/\/vinasfm.com\/noticias\/wp-json\/wp\/v2\/posts\/142924","targetHints":{"allow":["GET"]}}],"collection":[{"href":"https:\/\/vinasfm.com\/noticias\/wp-json\/wp\/v2\/posts"}],"about":[{"href":"https:\/\/vinasfm.com\/noticias\/wp-json\/wp\/v2\/types\/post"}],"author":[{"embeddable":true,"href":"https:\/\/vinasfm.com\/noticias\/wp-json\/wp\/v2\/users\/7"}],"replies":[{"embeddable":true,"href":"https:\/\/vinasfm.com\/noticias\/wp-json\/wp\/v2\/comments?post=142924"}],"version-history":[{"count":3,"href":"https:\/\/vinasfm.com\/noticias\/wp-json\/wp\/v2\/posts\/142924\/revisions"}],"predecessor-version":[{"id":142929,"href":"https:\/\/vinasfm.com\/noticias\/wp-json\/wp\/v2\/posts\/142924\/revisions\/142929"}],"wp:featuredmedia":[{"embeddable":true,"href":"https:\/\/vinasfm.com\/noticias\/wp-json\/wp\/v2\/media\/142926"}],"wp:attachment":[{"href":"https:\/\/vinasfm.com\/noticias\/wp-json\/wp\/v2\/media?parent=142924"}],"wp:term":[{"taxonomy":"category","embeddable":true,"href":"https:\/\/vinasfm.com\/noticias\/wp-json\/wp\/v2\/categories?post=142924"},{"taxonomy":"post_tag","embeddable":true,"href":"https:\/\/vinasfm.com\/noticias\/wp-json\/wp\/v2\/tags?post=142924"}],"curies":[{"name":"wp","href":"https:\/\/api.w.org\/{rel}","templated":true}]}}