{"id":142874,"date":"2024-12-20T12:33:50","date_gmt":"2024-12-20T15:33:50","guid":{"rendered":"https:\/\/vinasfm.com\/noticias\/?p=142874"},"modified":"2024-12-23T10:19:55","modified_gmt":"2024-12-23T13:19:55","slug":"el-gobierno-provincial-licita-la-construccion-del-nuevo-servicio-de-internacion-de-salud-mental-en-el-hospital-enfermeros-argentinos","status":"publish","type":"post","link":"https:\/\/vinasfm.com\/noticias\/el-gobierno-provincial-licita-la-construccion-del-nuevo-servicio-de-internacion-de-salud-mental-en-el-hospital-enfermeros-argentinos\/","title":{"rendered":"EL GOBIERNO PROVINCIAL LICITA LA CONSTRUCCI\u00d3N DEL NUEVO SERVICIO DE INTERNACI\u00d3N DE SALUD MENTAL EN EL HOSPITAL ENFERMEROS ARGENTINOS"},"content":{"rendered":"<h4><span style=\"color: #000000;\">En una noticia emocionante para la comunidad local, General Alvear tendr\u00e1 un pabell\u00f3n de salud mental de \u00faltima generaci\u00f3n en el Hospital Enfermeros Argentinos. <\/span><\/h4>\n<p><span style=\"color: #000000;\">El anuncio fue realizado conjuntamente por el <span style=\"color: #003366;\"><strong>Intendente Alejandro Molero<\/strong> <\/span>y el <em>Director del Hospital<\/em>, <span style=\"color: #003366;\"><strong>Alejandro Torres<\/strong><\/span>. El acto administrativo, con la apertura y recepci\u00f3n simult\u00e1nea de sobres, <strong>ser\u00e1 el mi\u00e9rcoles 15 de enero de 2025, a las 10, en el Sal\u00f3n de Acuerdos del s\u00e9ptimo piso de la Casa de Gobierno.<\/strong><\/span><\/p>\n<p><span style=\"color: #000000;\"><em><strong>\u00abEste es un hito importante para nuestra comunidad\u00bb<\/strong><\/em>, dijo el alcalde Molero. <strong><em>\u00abLlevamos tiempo abogando por esta instalaci\u00f3n y, gracias al apoyo de nuestro gobierno provincial, por fin la estamos haciendo realidad\u00bb.<\/em><\/strong><\/span><\/p>\n<p><span style=\"color: #000000;\">El nuevo pabell\u00f3n, que <strong>se financiar\u00e1 a trav\u00e9s de un proceso de licitaci\u00f3n aprobado recientemente por un valor aproximado de 2.000 millones de pesos, proporcionar\u00e1 una atenci\u00f3n especializada muy necesaria para las personas que padecen enfermedades mentales.<\/strong><\/span><\/p>\n<p><span style=\"color: #000000;\"><em><strong>\u00abEl pabell\u00f3n contar\u00e1 con modernas instalaciones y espacios terap\u00e9uticos dise\u00f1ados para proporcionar una atenci\u00f3n integral a los pacientes\u00bb<\/strong><\/em>, dijo el Director del Hospital. <strong><em>\u00abHemos visto un aumento significativo de los casos de salud mental, especialmente desde la pandemia, y este nuevo pabell\u00f3n nos permitir\u00e1 proporcionar el nivel de atenci\u00f3n que nuestra comunidad merece\u00bb.<\/em><\/strong><\/span><\/p>\n<p><span style=\"color: #000000;\"><em><strong>\u00abEste es un excelente ejemplo de lo que se puede lograr cuando trabajamos juntos en todos los niveles de gobierno\u00bb<\/strong><\/em>, dijo el intendente Molero.<\/span><\/p>\n<p><span style=\"color: #000000;\">Se espera que el nuevo pabell\u00f3n de salud mental revolucione la atenci\u00f3n de salud mental en General Alvear, ofreciendo una gama de servicios que incluyen atenci\u00f3n hospitalaria, terapia ambulatoria y programas de extensi\u00f3n comunitaria.<\/span><\/p>\n<p><img decoding=\"async\" src=\"https:\/\/www.mendoza.gov.ar\/wp-content\/uploads\/sites\/5\/2024\/12\/WhatsApp-Image-2024-12-20-at-07.37.08-700x252.jpeg\" \/><\/p>\n<h6>Proyecto Pabell\u00f3n de Salud Mental.<\/h6>\n<h2><span style=\"color: #000000;\"><strong>Tipo de construcci\u00f3n y dise\u00f1o<\/strong><\/span><\/h2>\n<p><span style=\"color: #000000;\">Este nuevo edificio tendr\u00e1 945 m2 cubiertos en total y ser\u00e1 realizado en muros de mamposter\u00eda, cubierta alivianada con estructura met\u00e1lica, carpinter\u00eda con doble vidrio herm\u00e9tico (DVH), cielorraso suspendido, piso gran\u00edtico, expansiones, senderos y plaza. Los espacios exteriores y patios tendr\u00e1n una superficie total de 1985,42 m2.<\/span><\/p>\n<p><span style=\"color: #000000;\">Adem\u00e1s, se proveer\u00e1n mesadas de granito, acero inoxidable, carpinter\u00eda de <\/span><span style=\"color: #000000;\">aluminio, tabiquer\u00eda de roca yeso, colocaci\u00f3n de pisos, cielorrasos <\/span><span style=\"color: #000000;\">suspendidos, pintura, instalaciones el\u00e9ctricas, sanitarias y calefacci\u00f3n central, amoblamiento y espacios exteriores dise\u00f1ados para la comodidad y expansi\u00f3n de los pacientes alojados.<\/span><\/p>\n<p><span style=\"color: #000000;\">Tambi\u00e9n se utilizar\u00e1n colores y variados materiales para crear un ambiente c\u00e1lido y de confort m\u00e1s relajado, para que los pacientes que permanezcan all\u00ed tengan la oportunidad de experimentar la paz y estabilidad que hab\u00edan perdido.<\/span><\/p>\n<p><img decoding=\"async\" src=\"https:\/\/www.mendoza.gov.ar\/wp-content\/uploads\/sites\/5\/2024\/12\/WhatsApp-Image-2024-12-20-at-07.36.35-700x448.jpeg\" \/><\/p>\n","protected":false},"excerpt":{"rendered":"<p>En una noticia emocionante para la comunidad local, General Alvear tendr\u00e1 un pabell\u00f3n de salud mental de \u00faltima generaci\u00f3n en el &#8230;<\/p>\n","protected":false},"author":7,"featured_media":142878,"comment_status":"open","ping_status":"open","sticky":false,"template":"","format":"standard","meta":{"footnotes":""},"categories":[10,15],"tags":[],"class_list":["post-142874","post","type-post","status-publish","format-standard","has-post-thumbnail","hentry","category-destacadas","category-salud"],"_links":{"self":[{"href":"https:\/\/vinasfm.com\/noticias\/wp-json\/wp\/v2\/posts\/142874","targetHints":{"allow":["GET"]}}],"collection":[{"href":"https:\/\/vinasfm.com\/noticias\/wp-json\/wp\/v2\/posts"}],"about":[{"href":"https:\/\/vinasfm.com\/noticias\/wp-json\/wp\/v2\/types\/post"}],"author":[{"embeddable":true,"href":"https:\/\/vinasfm.com\/noticias\/wp-json\/wp\/v2\/users\/7"}],"replies":[{"embeddable":true,"href":"https:\/\/vinasfm.com\/noticias\/wp-json\/wp\/v2\/comments?post=142874"}],"version-history":[{"count":2,"href":"https:\/\/vinasfm.com\/noticias\/wp-json\/wp\/v2\/posts\/142874\/revisions"}],"predecessor-version":[{"id":142879,"href":"https:\/\/vinasfm.com\/noticias\/wp-json\/wp\/v2\/posts\/142874\/revisions\/142879"}],"wp:featuredmedia":[{"embeddable":true,"href":"https:\/\/vinasfm.com\/noticias\/wp-json\/wp\/v2\/media\/142878"}],"wp:attachment":[{"href":"https:\/\/vinasfm.com\/noticias\/wp-json\/wp\/v2\/media?parent=142874"}],"wp:term":[{"taxonomy":"category","embeddable":true,"href":"https:\/\/vinasfm.com\/noticias\/wp-json\/wp\/v2\/categories?post=142874"},{"taxonomy":"post_tag","embeddable":true,"href":"https:\/\/vinasfm.com\/noticias\/wp-json\/wp\/v2\/tags?post=142874"}],"curies":[{"name":"wp","href":"https:\/\/api.w.org\/{rel}","templated":true}]}}