{"id":142849,"date":"2024-12-20T10:15:48","date_gmt":"2024-12-20T13:15:48","guid":{"rendered":"https:\/\/vinasfm.com\/noticias\/?p=142849"},"modified":"2024-12-21T10:05:18","modified_gmt":"2024-12-21T13:05:18","slug":"un-nuevo-caso-de-abigeato-se-registro-en-la-zona-rural","status":"publish","type":"post","link":"https:\/\/vinasfm.com\/noticias\/un-nuevo-caso-de-abigeato-se-registro-en-la-zona-rural\/","title":{"rendered":"UN NUEVO CASO DE ABIGEATO SE REGISTR\u00d3 EN LA ZONA RURAL"},"content":{"rendered":"<h4>En la madrugada de hoy, alrededor de la 1:00, un productor identificado como J.F. de 63 a\u00f1os denunci\u00f3 el robo de una cerda de su campo ubicado en la Ruta 143, zona de \u00abEl Trapal\u00bb.<\/h4>\n<p>Seg\u00fan relat\u00f3 la v\u00edctima, al regresar a su propiedad ayer por la noche, <strong>constat\u00f3 que desconocidos hab\u00edan ingresado a sus instalaciones tras violentar la tranquera. Una vez adentro, los delincuentes sustrajeron una cerda de 40 kilos de color blanco.<\/strong><\/p>\n<p>La polic\u00eda ya se encuentra investigando el hecho y se han iniciado las diligencias correspondientes para dar con el paradero de los autores del robo. <strong>Se solicita a la comunidad que cualquier informaci\u00f3n que pueda aportar al esclarecimiento del caso sea comunicada a las autoridades.<\/strong><\/p>\n","protected":false},"excerpt":{"rendered":"<p>En la madrugada de hoy, alrededor de la 1:00, un productor identificado como J.F. de 63 a\u00f1os denunci\u00f3 el robo de &#8230;<\/p>\n","protected":false},"author":7,"featured_media":142852,"comment_status":"open","ping_status":"open","sticky":false,"template":"","format":"standard","meta":{"footnotes":""},"categories":[5,4],"tags":[],"class_list":["post-142849","post","type-post","status-publish","format-standard","has-post-thumbnail","hentry","category-actualidad","category-policiales"],"_links":{"self":[{"href":"https:\/\/vinasfm.com\/noticias\/wp-json\/wp\/v2\/posts\/142849","targetHints":{"allow":["GET"]}}],"collection":[{"href":"https:\/\/vinasfm.com\/noticias\/wp-json\/wp\/v2\/posts"}],"about":[{"href":"https:\/\/vinasfm.com\/noticias\/wp-json\/wp\/v2\/types\/post"}],"author":[{"embeddable":true,"href":"https:\/\/vinasfm.com\/noticias\/wp-json\/wp\/v2\/users\/7"}],"replies":[{"embeddable":true,"href":"https:\/\/vinasfm.com\/noticias\/wp-json\/wp\/v2\/comments?post=142849"}],"version-history":[{"count":3,"href":"https:\/\/vinasfm.com\/noticias\/wp-json\/wp\/v2\/posts\/142849\/revisions"}],"predecessor-version":[{"id":142853,"href":"https:\/\/vinasfm.com\/noticias\/wp-json\/wp\/v2\/posts\/142849\/revisions\/142853"}],"wp:featuredmedia":[{"embeddable":true,"href":"https:\/\/vinasfm.com\/noticias\/wp-json\/wp\/v2\/media\/142852"}],"wp:attachment":[{"href":"https:\/\/vinasfm.com\/noticias\/wp-json\/wp\/v2\/media?parent=142849"}],"wp:term":[{"taxonomy":"category","embeddable":true,"href":"https:\/\/vinasfm.com\/noticias\/wp-json\/wp\/v2\/categories?post=142849"},{"taxonomy":"post_tag","embeddable":true,"href":"https:\/\/vinasfm.com\/noticias\/wp-json\/wp\/v2\/tags?post=142849"}],"curies":[{"name":"wp","href":"https:\/\/api.w.org\/{rel}","templated":true}]}}