{"id":142832,"date":"2024-12-19T16:39:26","date_gmt":"2024-12-19T19:39:26","guid":{"rendered":"https:\/\/vinasfm.com\/noticias\/?p=142832"},"modified":"2024-12-20T10:28:57","modified_gmt":"2024-12-20T13:28:57","slug":"el-hcd-aprobo-un-aumento-del-100-en-las-tasas-municipales","status":"publish","type":"post","link":"https:\/\/vinasfm.com\/noticias\/el-hcd-aprobo-un-aumento-del-100-en-las-tasas-municipales\/","title":{"rendered":"EL HCD APROB\u00d3 UN AUMENTO DEL 100% EN LAS TASAS MUNICIPALES"},"content":{"rendered":"<h4><span style=\"color: #000000;\">La aprobaci\u00f3n se dio tras intensas negociaciones entre los distintos bloques que integran el Honorable Cuerpo. <\/span><\/h4>\n<p><span style=\"color: #000000;\">La medida, que gener\u00f3 un debate acalorado, busca actualizar los valores que se manten\u00edan sin modificaciones desde el a\u00f1o 2016. El debate fue dividido y el Despacho N\u00b0 1 recibi\u00f3 8 votos a favor, contra 2 votos para el despacho N\u00b0 2.<\/span><\/p>\n<p><span style=\"color: #000000;\">El concejal <span style=\"color: #003366;\"><strong>Hern\u00e1n Climent<\/strong><\/span>, de <em>Cambia Mendoza &#8211; UCR<\/em>, destac\u00f3 el consenso alcanzado y asegur\u00f3 que la nueva tarifaria contempla la situaci\u00f3n econ\u00f3mica de los vecinos y la necesidad de fomentar la inversi\u00f3n privada en el departamento. <strong><em>\u00abSe ha buscado un equilibrio entre las necesidades del municipio y el bolsillo de los vecinos\u00bb<\/em><\/strong>, afirm\u00f3 Climent.<\/span><\/p>\n<p><span style=\"color: #000000;\">Por su parte, la concejal <span style=\"color: #003366;\"><strong>Florencia Escart\u00edn<\/strong><\/span>, del <em>Partido Justicialista<\/em>, expres\u00f3 su acompa\u00f1amiento a la medida, aunque lament\u00f3 que algunas tasas hayan superado el aumento del 100%.<em><strong> \u00abEntendemos la situaci\u00f3n econ\u00f3mica de los alvearenses y por eso presentamos una contrapropuesta con un incremento del 150%, entendiendo la econom\u00eda de los alvearenses y conociendo que en Alvear nuestros jubilados no no llegan a cubrir la canasta b\u00e1sica que est\u00e1 arriba de los $800.000\u00bb<\/strong><\/em>, se\u00f1al\u00f3 Escart\u00edn.<\/span><\/p>\n<p><span style=\"color: #000000;\">La concejal <span style=\"color: #003366;\"><strong>Raquel Yunes<\/strong><\/span>, del <em>Bloque Encuentro<\/em>, celebr\u00f3 la aprobaci\u00f3n de la medida y destac\u00f3 que el aumento del 100% es el resultado de un consenso entre los distintos bloques.<strong><em> \u00abCon esta actualizaci\u00f3n, se busca brindar mejores servicios a los vecinos y garantizar la sostenibilidad de las finanzas municipales\u00bb<\/em><\/strong>, afirm\u00f3 Yunes.<\/span><\/p>\n<h2><span style=\"color: #000000;\">Puntos clave de la nueva tarifaria:<\/span><\/h2>\n<ul>\n<li><span style=\"color: #000000;\"><strong>Aumento del 100%:<\/strong> Las tasas y servicios municipales experimentar\u00e1n un incremento del 100% de manera gradual.<\/span><\/li>\n<li><strong>Actualizaci\u00f3n semestral:<\/strong> Los valores se ajustar\u00e1n cada seis meses de acuerdo al \u00cdndice de Precios al Consumidor (IPC) de Mendoza.<\/li>\n<li><strong>Eliminaci\u00f3n de tasas:<\/strong> Se eliminar\u00e1n m\u00e1s de 40 sellados y tr\u00e1mites municipales que ser\u00e1n gratis a partir del 2025.<\/li>\n<\/ul>\n<p>&nbsp;<\/p>\n","protected":false},"excerpt":{"rendered":"<p>La aprobaci\u00f3n se dio tras intensas negociaciones entre los distintos bloques que integran el Honorable Cuerpo. La medida, que gener\u00f3 un &#8230;<\/p>\n","protected":false},"author":7,"featured_media":142834,"comment_status":"open","ping_status":"open","sticky":false,"template":"","format":"standard","meta":{"footnotes":""},"categories":[10,26],"tags":[],"class_list":["post-142832","post","type-post","status-publish","format-standard","has-post-thumbnail","hentry","category-destacadas","category-hcd"],"_links":{"self":[{"href":"https:\/\/vinasfm.com\/noticias\/wp-json\/wp\/v2\/posts\/142832","targetHints":{"allow":["GET"]}}],"collection":[{"href":"https:\/\/vinasfm.com\/noticias\/wp-json\/wp\/v2\/posts"}],"about":[{"href":"https:\/\/vinasfm.com\/noticias\/wp-json\/wp\/v2\/types\/post"}],"author":[{"embeddable":true,"href":"https:\/\/vinasfm.com\/noticias\/wp-json\/wp\/v2\/users\/7"}],"replies":[{"embeddable":true,"href":"https:\/\/vinasfm.com\/noticias\/wp-json\/wp\/v2\/comments?post=142832"}],"version-history":[{"count":2,"href":"https:\/\/vinasfm.com\/noticias\/wp-json\/wp\/v2\/posts\/142832\/revisions"}],"predecessor-version":[{"id":142835,"href":"https:\/\/vinasfm.com\/noticias\/wp-json\/wp\/v2\/posts\/142832\/revisions\/142835"}],"wp:featuredmedia":[{"embeddable":true,"href":"https:\/\/vinasfm.com\/noticias\/wp-json\/wp\/v2\/media\/142834"}],"wp:attachment":[{"href":"https:\/\/vinasfm.com\/noticias\/wp-json\/wp\/v2\/media?parent=142832"}],"wp:term":[{"taxonomy":"category","embeddable":true,"href":"https:\/\/vinasfm.com\/noticias\/wp-json\/wp\/v2\/categories?post=142832"},{"taxonomy":"post_tag","embeddable":true,"href":"https:\/\/vinasfm.com\/noticias\/wp-json\/wp\/v2\/tags?post=142832"}],"curies":[{"name":"wp","href":"https:\/\/api.w.org\/{rel}","templated":true}]}}