{"id":142807,"date":"2024-12-19T10:56:42","date_gmt":"2024-12-19T13:56:42","guid":{"rendered":"https:\/\/vinasfm.com\/noticias\/?p=142807"},"modified":"2024-12-20T10:30:11","modified_gmt":"2024-12-20T13:30:11","slug":"este-sabado-sera-el-lanzamiento-oficial-de-vendimia-del-infinito","status":"publish","type":"post","link":"https:\/\/vinasfm.com\/noticias\/este-sabado-sera-el-lanzamiento-oficial-de-vendimia-del-infinito\/","title":{"rendered":"ESTE S\u00c1BADO SER\u00c1 EL LANZAMIENTO OFICIAL DE \u00abVENDIMIA DEL INFINITO\u00bb"},"content":{"rendered":"<h4><span style=\"color: #000000;\">La directora de Cultura de General Alvear, Mar\u00eda Delia Achetoni, confirm\u00f3 que este s\u00e1bado 21 de diciembre, a las 21:00 horas, se llevar\u00e1 a cabo el lanzamiento oficial de la Vendimia 2025 en Casa Salonia.<\/span><\/h4>\n<p><span style=\"color: #000000;\">Durante el evento se revelar\u00e1n todos los detalles del cronograma vendimial para los meses de diciembre y enero, incluyendo las fechas de cada fiesta distrital, las candidatas participantes y las caracter\u00edsticas distintivas de cada celebraci\u00f3n.<\/span><\/p>\n<p><span style=\"color: #000000;\"><strong><em>\u00abQueremos contar c\u00f3mo va a ser cada fiesta, cada distrito, qu\u00e9 candidatas tenemos, qu\u00e9 distrito se est\u00e1 presentando y contar c\u00f3mo va a ser nuestra fiesta departamental\u00bb<\/em><\/strong>, explic\u00f3 <strong><span style=\"color: #003366;\">Achetoni<\/span><\/strong> en di\u00e1logo con <span style=\"color: #800080;\"><strong>FM VI\u00d1AS.<\/strong><\/span><\/span><\/p>\n<p><span style=\"color: #000000;\">Una de las novedades m\u00e1s destacadas es el nombre de la vendimia departamental: <em>\u00abVendimia del Infinito\u00bb<\/em>. Seg\u00fan la directora de Cultura, este t\u00edtulo <strong>fue seleccionado a trav\u00e9s de una convocatoria p\u00fablica<\/strong> en la que participaron diversos equipos creativos. <strong>\u00abCon muchas sorpresas va a ser diferente esta fiesta, pero con la alegr\u00eda que la caracteriza\u00bb<\/strong>, asegur\u00f3.<\/span><\/p>\n<p><a href=\"https:\/\/vinasfm.com\/noticias\/wp-content\/uploads\/2024\/12\/IMG-20241218-WA0009.jpg\"><img loading=\"lazy\" decoding=\"async\" class=\"alignnone wp-image-142809\" src=\"https:\/\/vinasfm.com\/noticias\/wp-content\/uploads\/2024\/12\/IMG-20241218-WA0009-884x1024.jpg\" alt=\"\" width=\"500\" height=\"579\" srcset=\"https:\/\/vinasfm.com\/noticias\/wp-content\/uploads\/2024\/12\/IMG-20241218-WA0009-884x1024.jpg 884w, https:\/\/vinasfm.com\/noticias\/wp-content\/uploads\/2024\/12\/IMG-20241218-WA0009-259x300.jpg 259w, https:\/\/vinasfm.com\/noticias\/wp-content\/uploads\/2024\/12\/IMG-20241218-WA0009-768x889.jpg 768w, https:\/\/vinasfm.com\/noticias\/wp-content\/uploads\/2024\/12\/IMG-20241218-WA0009-1327x1536.jpg 1327w, https:\/\/vinasfm.com\/noticias\/wp-content\/uploads\/2024\/12\/IMG-20241218-WA0009.jpg 1382w\" sizes=\"auto, (max-width: 500px) 100vw, 500px\" \/><\/a><\/p>\n<h2><span style=\"color: #000000;\">General Alvear tendr\u00e1 siete candidatas<\/span><\/h2>\n<p><span style=\"color: #000000;\">Achetoni confirm\u00f3 que siete j\u00f3venes buscar\u00e1n lograr el t\u00edtulo de Reina Departaemental de la Vendimia 2025. Adem\u00e1s, la funcionaria destac\u00f3 que se encuentran abiertas las inscripciones para participar en los castings de bailarines, actores y m\u00fasicos.\u00a0<\/span><\/p>\n<p><span style=\"color: #000000;\">Es importante resaltar que <strong>para los m\u00fasicos, la convocatoria se extender\u00e1 hasta el lunes 23 de diciembre a las 20:00 horas en el Teatro Antonio La Falla. <em>\u00abLos m\u00fasicos tienen requisitos que cumplir para poder presentarse en ese casting\u00bb<\/em><\/strong>, aclar\u00f3 Achetoni.<\/span><\/p>\n<p><span style=\"color: #000000;\">Finalmente, la directora de Cultura expres\u00f3 su satisfacci\u00f3n por la gran cantidad de personas que se han inscrito en los distintos castings, lo que demuestra el gran inter\u00e9s de los artistas locales por participar en la Vendimia 2025. <em><strong>\u00abEstamos trabajando, mucha gente se ha presentado, se ha inscrito y eso nos da la pauta de que hay muchos artistas en general alvear\u00bb<\/strong><\/em>, afirm\u00f3.<\/span><\/p>\n<p><em><span style=\"color: #000000;\">\u00a1No te pierdas el lanzamiento de Vendimia 2025 en General Alvear!<\/span><\/em><\/p>\n<p><em><span style=\"color: #000000;\">Este s\u00e1bado 21 de diciembre a las 21 horas, en Casa Salonia, se dar\u00e1 inicio a una nueva edici\u00f3n de la Vendimia en General Alvear. \u00a1Una fiesta llena de sorpresas y con la participaci\u00f3n de talentos locales!<\/span><\/em><\/p>\n<p>&nbsp;<\/p>\n","protected":false},"excerpt":{"rendered":"<p>La directora de Cultura de General Alvear, Mar\u00eda Delia Achetoni, confirm\u00f3 que este s\u00e1bado 21 de diciembre, a las 21:00 horas, &#8230;<\/p>\n","protected":false},"author":7,"featured_media":142810,"comment_status":"open","ping_status":"open","sticky":false,"template":"","format":"standard","meta":{"footnotes":""},"categories":[19,25],"tags":[],"class_list":["post-142807","post","type-post","status-publish","format-standard","has-post-thumbnail","hentry","category-cultura","category-vendimia"],"_links":{"self":[{"href":"https:\/\/vinasfm.com\/noticias\/wp-json\/wp\/v2\/posts\/142807","targetHints":{"allow":["GET"]}}],"collection":[{"href":"https:\/\/vinasfm.com\/noticias\/wp-json\/wp\/v2\/posts"}],"about":[{"href":"https:\/\/vinasfm.com\/noticias\/wp-json\/wp\/v2\/types\/post"}],"author":[{"embeddable":true,"href":"https:\/\/vinasfm.com\/noticias\/wp-json\/wp\/v2\/users\/7"}],"replies":[{"embeddable":true,"href":"https:\/\/vinasfm.com\/noticias\/wp-json\/wp\/v2\/comments?post=142807"}],"version-history":[{"count":3,"href":"https:\/\/vinasfm.com\/noticias\/wp-json\/wp\/v2\/posts\/142807\/revisions"}],"predecessor-version":[{"id":142824,"href":"https:\/\/vinasfm.com\/noticias\/wp-json\/wp\/v2\/posts\/142807\/revisions\/142824"}],"wp:featuredmedia":[{"embeddable":true,"href":"https:\/\/vinasfm.com\/noticias\/wp-json\/wp\/v2\/media\/142810"}],"wp:attachment":[{"href":"https:\/\/vinasfm.com\/noticias\/wp-json\/wp\/v2\/media?parent=142807"}],"wp:term":[{"taxonomy":"category","embeddable":true,"href":"https:\/\/vinasfm.com\/noticias\/wp-json\/wp\/v2\/categories?post=142807"},{"taxonomy":"post_tag","embeddable":true,"href":"https:\/\/vinasfm.com\/noticias\/wp-json\/wp\/v2\/tags?post=142807"}],"curies":[{"name":"wp","href":"https:\/\/api.w.org\/{rel}","templated":true}]}}