{"id":142799,"date":"2024-12-19T10:18:34","date_gmt":"2024-12-19T13:18:34","guid":{"rendered":"https:\/\/vinasfm.com\/noticias\/?p=142799"},"modified":"2024-12-20T10:30:34","modified_gmt":"2024-12-20T13:30:34","slug":"un-joven-de-22-anos-fue-agredido-y-sufrio-un-robo-a-la-salida-de-un-local-bailable","status":"publish","type":"post","link":"https:\/\/vinasfm.com\/noticias\/un-joven-de-22-anos-fue-agredido-y-sufrio-un-robo-a-la-salida-de-un-local-bailable\/","title":{"rendered":"UN JOVEN DE 22 A\u00d1OS FUE AGREDIDO Y SUFRI\u00d3 UN ROBO A LA SALIDA DE UN LOCAL BAILABLE"},"content":{"rendered":"<h4><span style=\"color: #000000;\">El lamentable hecho ocurri\u00f3 el pasado fin de semana y encendi\u00f3 la alarma en General Alvear. La comunidad se encuentra conmocionada por lo acontecido.<\/span><\/h4>\n<p><span style=\"color: #000000;\">Seg\u00fan se logr\u00f3 conocer, el joven de 22 a\u00f1os identificado como Julio Mart\u00ednez fue increpado por 3 sujetos quienes <strong>lo golpearon para luego robarle el reloj, zapatillas y billetera con dinero y documentaci\u00f3n.<\/strong> En di\u00e1logo con <span style=\"color: #800080;\"><strong>FM VI\u00d1AS<\/strong><\/span>,<span style=\"color: #000080;\"><strong> Ramona Mart\u00ednez<\/strong><\/span>, <em>madre del joven oriundo de Punta del Agua<\/em>, explic\u00f3 que<strong><em> \u00abfue increpado en inmediaciones de Ruta 143, fue llevado hacia una calle cercana en donde lo golpearon y luego le robaron\u00bb.<\/em><\/strong><\/span><\/p>\n<p><span style=\"color: #000000;\">Adem\u00e1s, Mart\u00ednez indic\u00f3 que <em><strong>\u00abdesde la Polic\u00eda no han sabido dar una respuesta sobre la situaci\u00f3n\u00bb<\/strong><\/em>, lo que preocupa a todo su entorno, y lament\u00f3 que el hecho sea tratado como <em><strong>\u00abun robo m\u00e1s\u00bb<\/strong><\/em> pese a las lesiones.<\/span><\/p>\n<p><span style=\"color: #000000;\">Adem\u00e1s, se\u00f1alaron que pudieron realizar una denuncia directa contra uno de los agresores gracias a que <strong><em>\u00abuna vecina que lo auxili\u00f3 reconoci\u00f3 a uno de los sujetos que lo increparon\u00bb.<\/em> <\/strong>Por el momento, tanto Julio como Ramona Mart\u00ednez esperan un avance en la investigaci\u00f3n y poder recuperar las pertenencias del joven.<\/span><\/p>\n","protected":false},"excerpt":{"rendered":"<p>El lamentable hecho ocurri\u00f3 el pasado fin de semana y encendi\u00f3 la alarma en General Alvear. La comunidad se encuentra conmocionada &#8230;<\/p>\n","protected":false},"author":7,"featured_media":142800,"comment_status":"open","ping_status":"open","sticky":false,"template":"","format":"standard","meta":{"footnotes":""},"categories":[201,4],"tags":[],"class_list":["post-142799","post","type-post","status-publish","format-standard","has-post-thumbnail","hentry","category-inseguridad","category-policiales"],"_links":{"self":[{"href":"https:\/\/vinasfm.com\/noticias\/wp-json\/wp\/v2\/posts\/142799","targetHints":{"allow":["GET"]}}],"collection":[{"href":"https:\/\/vinasfm.com\/noticias\/wp-json\/wp\/v2\/posts"}],"about":[{"href":"https:\/\/vinasfm.com\/noticias\/wp-json\/wp\/v2\/types\/post"}],"author":[{"embeddable":true,"href":"https:\/\/vinasfm.com\/noticias\/wp-json\/wp\/v2\/users\/7"}],"replies":[{"embeddable":true,"href":"https:\/\/vinasfm.com\/noticias\/wp-json\/wp\/v2\/comments?post=142799"}],"version-history":[{"count":4,"href":"https:\/\/vinasfm.com\/noticias\/wp-json\/wp\/v2\/posts\/142799\/revisions"}],"predecessor-version":[{"id":142805,"href":"https:\/\/vinasfm.com\/noticias\/wp-json\/wp\/v2\/posts\/142799\/revisions\/142805"}],"wp:featuredmedia":[{"embeddable":true,"href":"https:\/\/vinasfm.com\/noticias\/wp-json\/wp\/v2\/media\/142800"}],"wp:attachment":[{"href":"https:\/\/vinasfm.com\/noticias\/wp-json\/wp\/v2\/media?parent=142799"}],"wp:term":[{"taxonomy":"category","embeddable":true,"href":"https:\/\/vinasfm.com\/noticias\/wp-json\/wp\/v2\/categories?post=142799"},{"taxonomy":"post_tag","embeddable":true,"href":"https:\/\/vinasfm.com\/noticias\/wp-json\/wp\/v2\/tags?post=142799"}],"curies":[{"name":"wp","href":"https:\/\/api.w.org\/{rel}","templated":true}]}}