{"id":142752,"date":"2024-12-18T10:59:36","date_gmt":"2024-12-18T13:59:36","guid":{"rendered":"https:\/\/vinasfm.com\/noticias\/?p=142752"},"modified":"2024-12-19T09:07:24","modified_gmt":"2024-12-19T12:07:24","slug":"general-alvear-intensifica-la-recoleccion-de-residuos-tecnologicos-y-neumaticos-en-verano","status":"publish","type":"post","link":"https:\/\/vinasfm.com\/noticias\/general-alvear-intensifica-la-recoleccion-de-residuos-tecnologicos-y-neumaticos-en-verano\/","title":{"rendered":"GENERAL ALVEAR INTENSIFICA LA RECOLECCI\u00d3N DE RESIDUOS TECNOL\u00d3GICOS Y NEUM\u00c1TICOS EN VERANO"},"content":{"rendered":"<h4><span style=\"color: #000000;\">Ante la llegada del verano y la proliferaci\u00f3n de criaderos de mosquitos, la Municipalidad de General Alvear, a trav\u00e9s de la Asesor\u00eda de Gesti\u00f3n Ambiental, ha puesto en marcha una campa\u00f1a intensiva de recolecci\u00f3n de residuos tecnol\u00f3gicos y neum\u00e1ticos.<\/span><\/h4>\n<p><span style=\"color: #000000;\">Seg\u00fan inform\u00f3 el <em>Asesor de Gesti\u00f3n Ambiental<\/em>, <span style=\"color: #003366;\"><strong>Denis Rabanal<\/strong><\/span>, esta iniciativa busca concientizar a la poblaci\u00f3n sobre la importancia de desechar correctamente estos elementos, que pueden contener sustancias peligrosas y perjudicar el medio ambiente.<\/span><\/p>\n<p><span style=\"color: #000000;\"><em><strong>\u00abEn estos meses, muchas familias aprovechan para hacer limpieza en sus hogares y suelen desechar este tipo de residuos junto a la basura com\u00fan. Sin embargo, es fundamental darles un tratamiento especial\u00bb<\/strong><\/em>, explic\u00f3 Rabanal.<\/span><\/p>\n<p><em><span style=\"color: #000000;\">Los vecinos pueden acercar sus residuos tecnol\u00f3gicos y neum\u00e1ticos a la Asesor\u00eda de Gesti\u00f3n Ambiental, ubicada en Roca y Paso de los Andes, o a la planta de residuos. Para aquellos que no puedan trasladarlos, la Municipalidad ofrece un servicio de recolecci\u00f3n a domicilio.<\/span><\/em><\/p>\n<p><span style=\"color: #000000;\">Adem\u00e1s, s<strong>e est\u00e1n llevando a cabo campa\u00f1as de concientizaci\u00f3n y ecocanjes en diferentes puntos del departamento<\/strong>, como el realizado recientemente en Bowen, donde los vecinos pudieron intercambiar sus residuos por bolsas de compost.<\/span><\/p>\n<p><a href=\"https:\/\/vinasfm.com\/noticias\/wp-content\/uploads\/2024\/11\/IMG_20241120_095554-scaled.jpg\"><img loading=\"lazy\" decoding=\"async\" class=\"alignnone wp-image-141732 size-large\" src=\"https:\/\/vinasfm.com\/noticias\/wp-content\/uploads\/2024\/11\/IMG_20241120_095554-1024x768.jpg\" alt=\"\" width=\"1024\" height=\"768\" srcset=\"https:\/\/vinasfm.com\/noticias\/wp-content\/uploads\/2024\/11\/IMG_20241120_095554-1024x768.jpg 1024w, https:\/\/vinasfm.com\/noticias\/wp-content\/uploads\/2024\/11\/IMG_20241120_095554-300x225.jpg 300w, https:\/\/vinasfm.com\/noticias\/wp-content\/uploads\/2024\/11\/IMG_20241120_095554-768x576.jpg 768w, https:\/\/vinasfm.com\/noticias\/wp-content\/uploads\/2024\/11\/IMG_20241120_095554-1536x1152.jpg 1536w, https:\/\/vinasfm.com\/noticias\/wp-content\/uploads\/2024\/11\/IMG_20241120_095554-2048x1536.jpg 2048w\" sizes=\"auto, (max-width: 1024px) 100vw, 1024px\" \/><\/a><\/p>\n<h4><span style=\"color: #000000;\">Futuro: un Punto Limpio Inteligente<\/span><\/h4>\n<p><span style=\"color: #000000;\">La Municipalidad tiene proyectado instalar un<strong> punto limpio inteligente en el Palacio Municipal, equipado con contenedores que, mediante inteligencia artificial, reconocer\u00e1n los materiales reciclables y otorgar\u00e1n puntos a los vecinos<\/strong>. Estos puntos podr\u00e1n canjearse por premios.<\/span><\/p>\n<p><span style=\"color: #000000;\"><em><strong>\u00abEsta iniciativa busca fomentar la participaci\u00f3n ciudadana y promover una gesti\u00f3n m\u00e1s eficiente de los residuos\u00bb<\/strong><\/em>, destac\u00f3 Rabanal.<\/span><\/p>\n","protected":false},"excerpt":{"rendered":"<p>Ante la llegada del verano y la proliferaci\u00f3n de criaderos de mosquitos, la Municipalidad de General Alvear, a trav\u00e9s de la &#8230;<\/p>\n","protected":false},"author":7,"featured_media":142755,"comment_status":"open","ping_status":"open","sticky":false,"template":"","format":"standard","meta":{"footnotes":""},"categories":[5,10],"tags":[],"class_list":["post-142752","post","type-post","status-publish","format-standard","has-post-thumbnail","hentry","category-actualidad","category-destacadas"],"_links":{"self":[{"href":"https:\/\/vinasfm.com\/noticias\/wp-json\/wp\/v2\/posts\/142752","targetHints":{"allow":["GET"]}}],"collection":[{"href":"https:\/\/vinasfm.com\/noticias\/wp-json\/wp\/v2\/posts"}],"about":[{"href":"https:\/\/vinasfm.com\/noticias\/wp-json\/wp\/v2\/types\/post"}],"author":[{"embeddable":true,"href":"https:\/\/vinasfm.com\/noticias\/wp-json\/wp\/v2\/users\/7"}],"replies":[{"embeddable":true,"href":"https:\/\/vinasfm.com\/noticias\/wp-json\/wp\/v2\/comments?post=142752"}],"version-history":[{"count":3,"href":"https:\/\/vinasfm.com\/noticias\/wp-json\/wp\/v2\/posts\/142752\/revisions"}],"predecessor-version":[{"id":142756,"href":"https:\/\/vinasfm.com\/noticias\/wp-json\/wp\/v2\/posts\/142752\/revisions\/142756"}],"wp:featuredmedia":[{"embeddable":true,"href":"https:\/\/vinasfm.com\/noticias\/wp-json\/wp\/v2\/media\/142755"}],"wp:attachment":[{"href":"https:\/\/vinasfm.com\/noticias\/wp-json\/wp\/v2\/media?parent=142752"}],"wp:term":[{"taxonomy":"category","embeddable":true,"href":"https:\/\/vinasfm.com\/noticias\/wp-json\/wp\/v2\/categories?post=142752"},{"taxonomy":"post_tag","embeddable":true,"href":"https:\/\/vinasfm.com\/noticias\/wp-json\/wp\/v2\/tags?post=142752"}],"curies":[{"name":"wp","href":"https:\/\/api.w.org\/{rel}","templated":true}]}}