{"id":142690,"date":"2024-12-17T08:34:13","date_gmt":"2024-12-17T11:34:13","guid":{"rendered":"https:\/\/vinasfm.com\/noticias\/?p=142690"},"modified":"2024-12-18T09:58:18","modified_gmt":"2024-12-18T12:58:18","slug":"asi-seran-las-continuidades-de-docentes-suplentes-en-el-ciclo-lectivo-2025","status":"publish","type":"post","link":"https:\/\/vinasfm.com\/noticias\/asi-seran-las-continuidades-de-docentes-suplentes-en-el-ciclo-lectivo-2025\/","title":{"rendered":"AS\u00cd SER\u00c1N LAS CONTINUIDADES DE DOCENTES SUPLENTES EN EL CICLO LECTIVO 2025"},"content":{"rendered":"<h4><span style=\"color: #000000;\">El gobierno escolar emiti\u00f3 la resoluci\u00f3n donde se establece la normativa sobre las continuidades docentes para el pr\u00f3ximo ciclo lectivo.<\/span><\/h4>\n<p><span style=\"color: #000000;\">La <strong>Direcci\u00f3n General de Escuelas<\/strong> <em>(DGE)<\/em>, por medio de la Resoluci\u00f3n 2024-6533-E-GDEMZA-DGE, dispone la norma legal que da la continuidad de todos los docentes suplentes a partir del \u00faltimo d\u00eda laboral establecido por el Calendario Escolar 2024.<\/span><\/p>\n<p><span style=\"color: #000000;\">La continuidad <strong>optimiza la prestaci\u00f3n del servicio educativo y es necesario extenderla para los docentes que se desempe\u00f1an en cargos y horas vacantes<\/strong>, los que reemplacen a docentes titulares con reserva de cargo y a docentes titulares que se encuentren en uso de licencias previstas en los diferentes art\u00edculos. <strong>La normativa tambi\u00e9n se\u00f1ala la continuidad del personal docente que cumple con otros casos de reemplazos.<\/strong><\/span><\/p>\n<p><span style=\"color: #000000;\">Con el fin de garantizar el \u00f3ptimo comienzo del ciclo lectivo 2025, los directores y directoras comunicar\u00e1n a todo el personal suplente esta medida.<\/span><\/p>\n<p><span style=\"color: #000000;\">Se adjunta la resoluci\u00f3n 2024-6533-E-GDEMZA-DGE donde se detalla la normativa sobre continuidades docentes:<\/span><\/p>\n<ul>\n<li><a href=\"https:\/\/www.mendoza.gov.ar\/wp-content\/uploads\/sites\/5\/2024\/12\/RS-2024-09592037-GDEMZA-DGE-1.pdf\">Resoluci\u00f3n<\/a><\/li>\n<li><a href=\"https:\/\/www.mendoza.gov.ar\/wp-content\/uploads\/sites\/5\/2024\/12\/ANEXO-I.pdf\" data-type=\"URL\" data-id=\"https:\/\/www.mendoza.gov.ar\/wp-content\/uploads\/sites\/5\/2024\/12\/ANEXO-I.pdf\">Anexo 1<\/a><\/li>\n<li><a href=\"https:\/\/www.mendoza.gov.ar\/wp-content\/uploads\/sites\/5\/2024\/12\/ANEXO-II.pdf\" data-type=\"URL\" data-id=\"https:\/\/www.mendoza.gov.ar\/wp-content\/uploads\/sites\/5\/2024\/12\/ANEXO-II.pdf\">Anexo 2<\/a><\/li>\n<li><a href=\"https:\/\/www.mendoza.gov.ar\/wp-content\/uploads\/sites\/5\/2024\/12\/ANEXO-III.pdf\" data-type=\"URL\" data-id=\"https:\/\/www.mendoza.gov.ar\/wp-content\/uploads\/sites\/5\/2024\/12\/ANEXO-III.pdf\">Anexo 3<\/a><\/li>\n<li><a href=\"https:\/\/www.mendoza.gov.ar\/wp-content\/uploads\/sites\/5\/2024\/12\/ANEXO-III.pdf\" data-type=\"URL\" data-id=\"https:\/\/www.mendoza.gov.ar\/wp-content\/uploads\/sites\/5\/2024\/12\/ANEXO-III.pdf\">Anexo 4<\/a><\/li>\n<li><a href=\"https:\/\/www.mendoza.gov.ar\/wp-content\/uploads\/sites\/5\/2024\/12\/ANEXO-V.pdf\" data-type=\"URL\" data-id=\"https:\/\/www.mendoza.gov.ar\/wp-content\/uploads\/sites\/5\/2024\/12\/ANEXO-V.pdf\">Anexo 5<\/a><\/li>\n<li><a href=\"https:\/\/www.mendoza.gov.ar\/wp-content\/uploads\/sites\/5\/2024\/12\/ANEXO-V.pdf\" data-type=\"URL\" data-id=\"https:\/\/www.mendoza.gov.ar\/wp-content\/uploads\/sites\/5\/2024\/12\/ANEXO-V.pdf\">Anexo 6<\/a><\/li>\n<\/ul>\n","protected":false},"excerpt":{"rendered":"<p>El gobierno escolar emiti\u00f3 la resoluci\u00f3n donde se establece la normativa sobre las continuidades docentes para el pr\u00f3ximo ciclo lectivo. La &#8230;<\/p>\n","protected":false},"author":7,"featured_media":142691,"comment_status":"open","ping_status":"open","sticky":false,"template":"","format":"standard","meta":{"footnotes":""},"categories":[74,18],"tags":[],"class_list":["post-142690","post","type-post","status-publish","format-standard","has-post-thumbnail","hentry","category-dge","category-educacion"],"_links":{"self":[{"href":"https:\/\/vinasfm.com\/noticias\/wp-json\/wp\/v2\/posts\/142690","targetHints":{"allow":["GET"]}}],"collection":[{"href":"https:\/\/vinasfm.com\/noticias\/wp-json\/wp\/v2\/posts"}],"about":[{"href":"https:\/\/vinasfm.com\/noticias\/wp-json\/wp\/v2\/types\/post"}],"author":[{"embeddable":true,"href":"https:\/\/vinasfm.com\/noticias\/wp-json\/wp\/v2\/users\/7"}],"replies":[{"embeddable":true,"href":"https:\/\/vinasfm.com\/noticias\/wp-json\/wp\/v2\/comments?post=142690"}],"version-history":[{"count":1,"href":"https:\/\/vinasfm.com\/noticias\/wp-json\/wp\/v2\/posts\/142690\/revisions"}],"predecessor-version":[{"id":142692,"href":"https:\/\/vinasfm.com\/noticias\/wp-json\/wp\/v2\/posts\/142690\/revisions\/142692"}],"wp:featuredmedia":[{"embeddable":true,"href":"https:\/\/vinasfm.com\/noticias\/wp-json\/wp\/v2\/media\/142691"}],"wp:attachment":[{"href":"https:\/\/vinasfm.com\/noticias\/wp-json\/wp\/v2\/media?parent=142690"}],"wp:term":[{"taxonomy":"category","embeddable":true,"href":"https:\/\/vinasfm.com\/noticias\/wp-json\/wp\/v2\/categories?post=142690"},{"taxonomy":"post_tag","embeddable":true,"href":"https:\/\/vinasfm.com\/noticias\/wp-json\/wp\/v2\/tags?post=142690"}],"curies":[{"name":"wp","href":"https:\/\/api.w.org\/{rel}","templated":true}]}}