{"id":142683,"date":"2024-12-16T20:27:22","date_gmt":"2024-12-16T23:27:22","guid":{"rendered":"https:\/\/vinasfm.com\/noticias\/?p=142683"},"modified":"2024-12-18T10:00:07","modified_gmt":"2024-12-18T13:00:07","slug":"se-viene-un-verano-repleto-de-actividades-para-los-mas-jovenes","status":"publish","type":"post","link":"https:\/\/vinasfm.com\/noticias\/se-viene-un-verano-repleto-de-actividades-para-los-mas-jovenes\/","title":{"rendered":"SE VIENE UN VERANO REPLETO DE ACTIVIDADES PARA LOS M\u00c1S J\u00d3VENES"},"content":{"rendered":"<h4><strong>Este martes 17 de diciembre comienzan las diferentes actividades planificadas para este verano. Por primera vez, se han incorporado propuestas exclusivas para adolescentes en el turno tarde, una franja etaria que hasta ahora no estaba cubierta.<\/strong><\/h4>\n<p><strong><span style=\"color: #333399;\">Alberto G\u00f3mez<\/span><\/strong>, Director de Deportes, present\u00f3 las actividades deportivas y recreativas planificadas para este verano. <em><strong>\u201cAgregamos actividades deportivas como beach handball, rugby seven, beach volley, futsal y b\u00e1squet 3 x 3. Adem\u00e1s, incluimos ajedrez, que ha tenido un gran crecimiento y que planeamos promocionar incluso en espacios p\u00fablicos como el Paseo de los Artesanos\u201d<\/strong><\/em>, destac\u00f3.<\/p>\n<p>En el turno ma\u00f1ana continuar\u00e1n funcionando las tradicionales colonias de vacaciones y centros recreativos. Este a\u00f1o, la demanda de estas actividades ha sido significativa, con una preinscripci\u00f3n inicial de 1.000 ni\u00f1os. Actualmente, ya hay m\u00e1s de 700 inscriptos confirmados en el Polideportivo de Ciudad, adem\u00e1s de 40 en Carmensa y m\u00e1s de 150 en Bowen. Los centros recreativos en Alvear Oeste, Andes y otros puntos estrat\u00e9gicos complementan la oferta, alcanzando a barrios como El Parque, La Isla, Los Ranqueles y San Carlos. Para garantizar la inclusi\u00f3n, se dispuso transporte gratuito para facilitar el acceso de ni\u00f1os de distintos barrios a los centros recreativos.<\/p>\n<p>G\u00f3mez asegur\u00f3 que el equipo de profesores de educaci\u00f3n f\u00edsica ya est\u00e1 completo, cubriendo todas las colonias y centros recreativos. Adem\u00e1s, enfatiz\u00f3 la importancia de la seguridad en las actividades acu\u00e1ticas, un aspecto fundamental en la planificaci\u00f3n.<em><strong> \u201cContaremos con guardavidas en todas las colonias y durante los horarios de pileta libre. Aunque hay una escasez de guardavidas, hemos hecho un esfuerzo para asegurar su presencia en todos los centros\u201d<\/strong><\/em>, se\u00f1al\u00f3.<\/p>\n<p>El programa de verano del departamento refleja un crecimiento tanto en cantidad como en diversidad de actividades. Con la incorporaci\u00f3n de nuevas propuestas para adolescentes y el fortalecimiento de las colonias y centros recreativos, m\u00e1s de 1.000 ni\u00f1os y j\u00f3venes podr\u00e1n disfrutar de un verano activo y seguro.<em><strong> \u201cEs un trabajo arduo, pero estamos en todos los detalles para que los chicos tengan el mejor de los veranos\u201d<\/strong><\/em>, concluy\u00f3 G\u00f3mez.<\/p>\n","protected":false},"excerpt":{"rendered":"<p>Este martes 17 de diciembre comienzan las diferentes actividades planificadas para este verano. Por primera vez, se han incorporado propuestas exclusivas &#8230;<\/p>\n","protected":false},"author":7,"featured_media":142684,"comment_status":"open","ping_status":"open","sticky":false,"template":"","format":"standard","meta":{"footnotes":""},"categories":[10,11],"tags":[],"class_list":["post-142683","post","type-post","status-publish","format-standard","has-post-thumbnail","hentry","category-destacadas","category-sociales"],"_links":{"self":[{"href":"https:\/\/vinasfm.com\/noticias\/wp-json\/wp\/v2\/posts\/142683","targetHints":{"allow":["GET"]}}],"collection":[{"href":"https:\/\/vinasfm.com\/noticias\/wp-json\/wp\/v2\/posts"}],"about":[{"href":"https:\/\/vinasfm.com\/noticias\/wp-json\/wp\/v2\/types\/post"}],"author":[{"embeddable":true,"href":"https:\/\/vinasfm.com\/noticias\/wp-json\/wp\/v2\/users\/7"}],"replies":[{"embeddable":true,"href":"https:\/\/vinasfm.com\/noticias\/wp-json\/wp\/v2\/comments?post=142683"}],"version-history":[{"count":1,"href":"https:\/\/vinasfm.com\/noticias\/wp-json\/wp\/v2\/posts\/142683\/revisions"}],"predecessor-version":[{"id":142686,"href":"https:\/\/vinasfm.com\/noticias\/wp-json\/wp\/v2\/posts\/142683\/revisions\/142686"}],"wp:featuredmedia":[{"embeddable":true,"href":"https:\/\/vinasfm.com\/noticias\/wp-json\/wp\/v2\/media\/142684"}],"wp:attachment":[{"href":"https:\/\/vinasfm.com\/noticias\/wp-json\/wp\/v2\/media?parent=142683"}],"wp:term":[{"taxonomy":"category","embeddable":true,"href":"https:\/\/vinasfm.com\/noticias\/wp-json\/wp\/v2\/categories?post=142683"},{"taxonomy":"post_tag","embeddable":true,"href":"https:\/\/vinasfm.com\/noticias\/wp-json\/wp\/v2\/tags?post=142683"}],"curies":[{"name":"wp","href":"https:\/\/api.w.org\/{rel}","templated":true}]}}