{"id":142681,"date":"2024-12-16T12:25:16","date_gmt":"2024-12-16T15:25:16","guid":{"rendered":"https:\/\/vinasfm.com\/noticias\/?p=142681"},"modified":"2024-12-18T10:00:35","modified_gmt":"2024-12-18T13:00:35","slug":"alvear-oeste-vivio-un-fin-de-semana-a-puro-rock","status":"publish","type":"post","link":"https:\/\/vinasfm.com\/noticias\/alvear-oeste-vivio-un-fin-de-semana-a-puro-rock\/","title":{"rendered":"ALVEAR OESTE VIVI\u00d3 UN FIN DE SEMANA A PURO ROCK"},"content":{"rendered":"<h4><strong>El pasado fin de semana, Alvear Oeste vivi\u00f3 su primer festival de rock, en el marco de los 112 a\u00f1os del distrito. La plaza Manuel Belgrano se convirti\u00f3 en el epicentro de la m\u00fasica y la cultura, con una destacada participaci\u00f3n de vecinos y artistas locales que se unieron para celebrar la identidad cultural de la comunidad.<\/strong><\/h4>\n<p>Jimena Garc\u00eda, delegada del distrito, subray\u00f3 la importancia de este evento como una forma de resaltar la rica herencia cultural de Alvear Oeste. <em><strong>\u201cEste festival no solo es una celebraci\u00f3n musical, sino tambi\u00e9n una oportunidad para que nuestra comunidad se una y muestre su talento\u201d<\/strong><\/em>, afirm\u00f3 Garc\u00eda.<\/p>\n<p>Luis Arriaga, integrante de la banda local Alvearr, expres\u00f3 su alegr\u00eda por ser parte de esta iniciativa. En sus palabras, destac\u00f3 la dedicaci\u00f3n y el esfuerzo de los m\u00fasicos que se presentaron en el festival. <em><strong>\u201cAlvear Oeste tiene una cultura rica que ha dado origen a muchos artistas, desde m\u00fasicos hasta escritores, pintores y fot\u00f3grafos. Es un orgullo poder contribuir a esta tradici\u00f3n cultural\u201d<\/strong><\/em>, coment\u00f3 Arriaga.<\/p>\n<p>El festival tambi\u00e9n marc\u00f3 el inicio de una serie de festejos en Alvear Oeste. Entre las actividades programadas, se incluyen una emocionante carrera de ciclismo y una presentaci\u00f3n especial de la banda municipal. Adem\u00e1s, ya se est\u00e1n preparando para las festividades navide\u00f1as con la llegada de Pap\u00e1 Noel y las celebraciones de Vendimia, donde se coronar\u00e1 a la reina del distrito.<\/p>\n","protected":false},"excerpt":{"rendered":"<p>El pasado fin de semana, Alvear Oeste vivi\u00f3 su primer festival de rock, en el marco de los 112 a\u00f1os del &#8230;<\/p>\n","protected":false},"author":7,"featured_media":142688,"comment_status":"open","ping_status":"open","sticky":false,"template":"","format":"standard","meta":{"footnotes":""},"categories":[19,10],"tags":[],"class_list":["post-142681","post","type-post","status-publish","format-standard","has-post-thumbnail","hentry","category-cultura","category-destacadas"],"_links":{"self":[{"href":"https:\/\/vinasfm.com\/noticias\/wp-json\/wp\/v2\/posts\/142681","targetHints":{"allow":["GET"]}}],"collection":[{"href":"https:\/\/vinasfm.com\/noticias\/wp-json\/wp\/v2\/posts"}],"about":[{"href":"https:\/\/vinasfm.com\/noticias\/wp-json\/wp\/v2\/types\/post"}],"author":[{"embeddable":true,"href":"https:\/\/vinasfm.com\/noticias\/wp-json\/wp\/v2\/users\/7"}],"replies":[{"embeddable":true,"href":"https:\/\/vinasfm.com\/noticias\/wp-json\/wp\/v2\/comments?post=142681"}],"version-history":[{"count":1,"href":"https:\/\/vinasfm.com\/noticias\/wp-json\/wp\/v2\/posts\/142681\/revisions"}],"predecessor-version":[{"id":142682,"href":"https:\/\/vinasfm.com\/noticias\/wp-json\/wp\/v2\/posts\/142681\/revisions\/142682"}],"wp:featuredmedia":[{"embeddable":true,"href":"https:\/\/vinasfm.com\/noticias\/wp-json\/wp\/v2\/media\/142688"}],"wp:attachment":[{"href":"https:\/\/vinasfm.com\/noticias\/wp-json\/wp\/v2\/media?parent=142681"}],"wp:term":[{"taxonomy":"category","embeddable":true,"href":"https:\/\/vinasfm.com\/noticias\/wp-json\/wp\/v2\/categories?post=142681"},{"taxonomy":"post_tag","embeddable":true,"href":"https:\/\/vinasfm.com\/noticias\/wp-json\/wp\/v2\/tags?post=142681"}],"curies":[{"name":"wp","href":"https:\/\/api.w.org\/{rel}","templated":true}]}}