{"id":142677,"date":"2024-12-16T11:59:04","date_gmt":"2024-12-16T14:59:04","guid":{"rendered":"https:\/\/vinasfm.com\/noticias\/?p=142677"},"modified":"2024-12-17T10:24:30","modified_gmt":"2024-12-17T13:24:30","slug":"el-sabado-se-inaugura-la-nueva-costanera-los-tableros-en-el-este-sanrafaelino","status":"publish","type":"post","link":"https:\/\/vinasfm.com\/noticias\/el-sabado-se-inaugura-la-nueva-costanera-los-tableros-en-el-este-sanrafaelino\/","title":{"rendered":"EL S\u00c1BADO SE INAUGURA LA NUEVA COSTANERA \u201cLOS TABLEROS\u201d EN EL ESTE SANRAFAELINO"},"content":{"rendered":"<div class=\"x11i5rnm xat24cr x1mh8g0r x1vvkbs xtlvy1s x126k92a\">\n<h4 dir=\"auto\"><span style=\"color: #000000;\">Con una gran fiesta popular, el Municipio de San Rafael inaugurar\u00e1 el pr\u00f3ximo s\u00e1bado la nueva costanera que construy\u00f3 a la vera del r\u00edo del Atuel, sobre la ruta nacional 143 a la altura del paraje \u201cLos Tableros\u201d, entre Jaime Prats y Real del Padre.<\/span><\/h4>\n<\/div>\n<div class=\"x11i5rnm xat24cr x1mh8g0r x1vvkbs xtlvy1s x126k92a\">\n<div dir=\"auto\"><span style=\"color: #000000;\">Se trata de un espacio que podr\u00e1n disfrutar sanrafaelinos y turistas y que cuenta con arena, parquizado, churrasqueras, sombrillas, luces led y estacionamiento vehicular, entre otras comodidades.<\/span><\/div>\n<\/div>\n<div class=\"x11i5rnm xat24cr x1mh8g0r x1vvkbs xtlvy1s x126k92a\">\n<div dir=\"auto\"><\/div>\n<div dir=\"auto\"><span style=\"color: #000000;\">La presentaci\u00f3n en sociedad ser\u00e1 con shows art\u00edsticos, patios de comidas y muchas sorpresas m\u00e1s que podr\u00e1n disfrutar todas las familias que elijan arrancar el verano en un espacio totalmente renovado.<\/span><\/div>\n<\/div>\n<div class=\"x11i5rnm xat24cr x1mh8g0r x1vvkbs xtlvy1s x126k92a\">\n<div dir=\"auto\"><span style=\"color: #000000;\">Cabe recordar que una obra similar avanza en Monte Com\u00e1n, a la vera de la ruta 146. Este predio se inaugurar\u00e1 durante los primeros d\u00edas del 2025, y se convertir\u00e1 en otra alternativa gratuita para disfrutar de las vacaciones.<\/span><\/div>\n<\/div>\n","protected":false},"excerpt":{"rendered":"<p>Con una gran fiesta popular, el Municipio de San Rafael inaugurar\u00e1 el pr\u00f3ximo s\u00e1bado la nueva costanera que construy\u00f3 a la &#8230;<\/p>\n","protected":false},"author":7,"featured_media":142678,"comment_status":"open","ping_status":"open","sticky":false,"template":"","format":"standard","meta":{"footnotes":""},"categories":[10,11],"tags":[],"class_list":["post-142677","post","type-post","status-publish","format-standard","has-post-thumbnail","hentry","category-destacadas","category-sociales"],"_links":{"self":[{"href":"https:\/\/vinasfm.com\/noticias\/wp-json\/wp\/v2\/posts\/142677","targetHints":{"allow":["GET"]}}],"collection":[{"href":"https:\/\/vinasfm.com\/noticias\/wp-json\/wp\/v2\/posts"}],"about":[{"href":"https:\/\/vinasfm.com\/noticias\/wp-json\/wp\/v2\/types\/post"}],"author":[{"embeddable":true,"href":"https:\/\/vinasfm.com\/noticias\/wp-json\/wp\/v2\/users\/7"}],"replies":[{"embeddable":true,"href":"https:\/\/vinasfm.com\/noticias\/wp-json\/wp\/v2\/comments?post=142677"}],"version-history":[{"count":1,"href":"https:\/\/vinasfm.com\/noticias\/wp-json\/wp\/v2\/posts\/142677\/revisions"}],"predecessor-version":[{"id":142679,"href":"https:\/\/vinasfm.com\/noticias\/wp-json\/wp\/v2\/posts\/142677\/revisions\/142679"}],"wp:featuredmedia":[{"embeddable":true,"href":"https:\/\/vinasfm.com\/noticias\/wp-json\/wp\/v2\/media\/142678"}],"wp:attachment":[{"href":"https:\/\/vinasfm.com\/noticias\/wp-json\/wp\/v2\/media?parent=142677"}],"wp:term":[{"taxonomy":"category","embeddable":true,"href":"https:\/\/vinasfm.com\/noticias\/wp-json\/wp\/v2\/categories?post=142677"},{"taxonomy":"post_tag","embeddable":true,"href":"https:\/\/vinasfm.com\/noticias\/wp-json\/wp\/v2\/tags?post=142677"}],"curies":[{"name":"wp","href":"https:\/\/api.w.org\/{rel}","templated":true}]}}