{"id":142671,"date":"2024-12-16T11:27:29","date_gmt":"2024-12-16T14:27:29","guid":{"rendered":"https:\/\/vinasfm.com\/noticias\/?p=142671"},"modified":"2024-12-17T08:44:49","modified_gmt":"2024-12-17T11:44:49","slug":"se-presento-en-la-plaza-rene-favoloro-un-mural-sobre-la-lucha-por-la-identidad-biologica-y-los-derechos-humanos","status":"publish","type":"post","link":"https:\/\/vinasfm.com\/noticias\/se-presento-en-la-plaza-rene-favoloro-un-mural-sobre-la-lucha-por-la-identidad-biologica-y-los-derechos-humanos\/","title":{"rendered":"SE PRESENT\u00d3 EN LA PLAZA REN\u00c9 FAVOLORO UN MURAL SOBRE LA LUCHA POR LA IDENTIDAD BIOLOG\u00cdCA Y LOS DERECHOS HUMANOS"},"content":{"rendered":"<h4><strong>El 10 de diciembre se conmemor\u00f3 el D\u00eda Internacional de los Derechos Humanos, este d\u00eda no solo es un recordatorio del valor de los derechos fundamentales, sino tambi\u00e9n una oportunidad para reflexionar sobre las luchas pasadas y presentes en pro de la justicia y la verdad.<\/strong><\/h4>\n<p>La Coordinaci\u00f3n de Derechos Humanos y Equidad, parte de la Direcci\u00f3n de Familias, llev\u00f3 a cabo una emotiva actividad al respecto en la Plaza Ren\u00e9 Favaloro. En esta ocasi\u00f3n, se realiz\u00f3 un mural y se instal\u00f3 un banco verde, s\u00edmbolo que representa la lucha por la identidad biol\u00f3gica. Este homenaje est\u00e1 dirigido a todas aquellas personas que, durante la dictadura y tambi\u00e9n en democracia, fueron apropiadas y buscan conocer su origen.<\/p>\n<p>Natasha Oneschuk, coordinadora del \u00e1rea, destac\u00f3 que el municipio ha implementado un programa espec\u00edfico para apoyar a quienes tienen dudas sobre su identidad biol\u00f3gica. A trav\u00e9s de esta iniciativa, se ofrece herramientas y acompa\u00f1amiento a los interesados en el proceso de b\u00fasqueda. <em><strong>\u201cInvitamos a todas las personas que deseen conocer su origen a acercarse a la Coordinaci\u00f3n de Derechos Humanos. Estamos aqu\u00ed para ayudarles\u201d<\/strong><\/em>, afirm\u00f3 Oneschuk.<\/p>\n<p>Este tipo de programas son fundamentales no solo para brindar respuestas a quienes han sido afectados por estas situaciones, sino tambi\u00e9n para fomentar una cultura de respeto por los derechos humanos y el reconocimiento de la dignidad individual. La b\u00fasqueda de identidad es un derecho esencial que permite a las personas conectar con sus ra\u00edces y recuperar su historia.<\/p>\n","protected":false},"excerpt":{"rendered":"<p>El 10 de diciembre se conmemor\u00f3 el D\u00eda Internacional de los Derechos Humanos, este d\u00eda no solo es un recordatorio del &#8230;<\/p>\n","protected":false},"author":7,"featured_media":142673,"comment_status":"open","ping_status":"open","sticky":false,"template":"","format":"standard","meta":{"footnotes":""},"categories":[19,11],"tags":[],"class_list":["post-142671","post","type-post","status-publish","format-standard","has-post-thumbnail","hentry","category-cultura","category-sociales"],"_links":{"self":[{"href":"https:\/\/vinasfm.com\/noticias\/wp-json\/wp\/v2\/posts\/142671","targetHints":{"allow":["GET"]}}],"collection":[{"href":"https:\/\/vinasfm.com\/noticias\/wp-json\/wp\/v2\/posts"}],"about":[{"href":"https:\/\/vinasfm.com\/noticias\/wp-json\/wp\/v2\/types\/post"}],"author":[{"embeddable":true,"href":"https:\/\/vinasfm.com\/noticias\/wp-json\/wp\/v2\/users\/7"}],"replies":[{"embeddable":true,"href":"https:\/\/vinasfm.com\/noticias\/wp-json\/wp\/v2\/comments?post=142671"}],"version-history":[{"count":1,"href":"https:\/\/vinasfm.com\/noticias\/wp-json\/wp\/v2\/posts\/142671\/revisions"}],"predecessor-version":[{"id":142672,"href":"https:\/\/vinasfm.com\/noticias\/wp-json\/wp\/v2\/posts\/142671\/revisions\/142672"}],"wp:featuredmedia":[{"embeddable":true,"href":"https:\/\/vinasfm.com\/noticias\/wp-json\/wp\/v2\/media\/142673"}],"wp:attachment":[{"href":"https:\/\/vinasfm.com\/noticias\/wp-json\/wp\/v2\/media?parent=142671"}],"wp:term":[{"taxonomy":"category","embeddable":true,"href":"https:\/\/vinasfm.com\/noticias\/wp-json\/wp\/v2\/categories?post=142671"},{"taxonomy":"post_tag","embeddable":true,"href":"https:\/\/vinasfm.com\/noticias\/wp-json\/wp\/v2\/tags?post=142671"}],"curies":[{"name":"wp","href":"https:\/\/api.w.org\/{rel}","templated":true}]}}