{"id":142610,"date":"2024-12-14T10:49:07","date_gmt":"2024-12-14T13:49:07","guid":{"rendered":"https:\/\/vinasfm.com\/noticias\/?p=142610"},"modified":"2024-12-16T10:42:26","modified_gmt":"2024-12-16T13:42:26","slug":"alarma-en-general-alvear-roban-tres-cerdos-de-una-finca-en-horas-de-la-madrugada","status":"publish","type":"post","link":"https:\/\/vinasfm.com\/noticias\/alarma-en-general-alvear-roban-tres-cerdos-de-una-finca-en-horas-de-la-madrugada\/","title":{"rendered":"ALARMA EN GENERAL ALVEAR: ROBARON TRES CERDOS DE UNA FINCA EN HORAS DE LA MADRUGADA"},"content":{"rendered":"<h4>En la madrugada de hoy s\u00e1bado, alrededor de las 06:15 horas, se report\u00f3 un robo en una finca ubicada en la intersecci\u00f3n de las calles Santa Fe y Sargento Medina.<\/h4>\n<p>La v\u00edctima,<strong> M\u00e1ximo G<\/strong>. de 60 a\u00f1os, <strong>denunci\u00f3 que al regresar a su propiedad encontr\u00f3 que desconocidos hab\u00edan ingresado y sustra\u00eddo tres cerdos de aproximadamente 10 kilogramos cada uno, de pelaje blanco.<\/strong><\/p>\n<p>Seg\u00fan el testimonio de la v\u00edctima, los delincuentes habr\u00edan escapado hacia una finca vecina luego de cometer el hecho. <strong>Ante esta situaci\u00f3n, el fiscal de turno dispuso la intervenci\u00f3n de personal de polic\u00eda cient\u00edfica y de canes para llevar a cabo las pericias correspondientes y dar con el paradero de los animales robados.<\/strong><\/p>\n<p>La Oficina Fiscal de la Comisar\u00eda 14\u00b0 de General Alvear se encuentra a cargo de las actuaciones correspondientes para esclarecer este hecho y dar con los responsables del robo.<\/p>\n","protected":false},"excerpt":{"rendered":"<p>En la madrugada de hoy s\u00e1bado, alrededor de las 06:15 horas, se report\u00f3 un robo en una finca ubicada en la &#8230;<\/p>\n","protected":false},"author":7,"featured_media":142613,"comment_status":"open","ping_status":"open","sticky":false,"template":"","format":"standard","meta":{"footnotes":""},"categories":[5,4],"tags":[],"class_list":["post-142610","post","type-post","status-publish","format-standard","has-post-thumbnail","hentry","category-actualidad","category-policiales"],"_links":{"self":[{"href":"https:\/\/vinasfm.com\/noticias\/wp-json\/wp\/v2\/posts\/142610","targetHints":{"allow":["GET"]}}],"collection":[{"href":"https:\/\/vinasfm.com\/noticias\/wp-json\/wp\/v2\/posts"}],"about":[{"href":"https:\/\/vinasfm.com\/noticias\/wp-json\/wp\/v2\/types\/post"}],"author":[{"embeddable":true,"href":"https:\/\/vinasfm.com\/noticias\/wp-json\/wp\/v2\/users\/7"}],"replies":[{"embeddable":true,"href":"https:\/\/vinasfm.com\/noticias\/wp-json\/wp\/v2\/comments?post=142610"}],"version-history":[{"count":4,"href":"https:\/\/vinasfm.com\/noticias\/wp-json\/wp\/v2\/posts\/142610\/revisions"}],"predecessor-version":[{"id":142652,"href":"https:\/\/vinasfm.com\/noticias\/wp-json\/wp\/v2\/posts\/142610\/revisions\/142652"}],"wp:featuredmedia":[{"embeddable":true,"href":"https:\/\/vinasfm.com\/noticias\/wp-json\/wp\/v2\/media\/142613"}],"wp:attachment":[{"href":"https:\/\/vinasfm.com\/noticias\/wp-json\/wp\/v2\/media?parent=142610"}],"wp:term":[{"taxonomy":"category","embeddable":true,"href":"https:\/\/vinasfm.com\/noticias\/wp-json\/wp\/v2\/categories?post=142610"},{"taxonomy":"post_tag","embeddable":true,"href":"https:\/\/vinasfm.com\/noticias\/wp-json\/wp\/v2\/tags?post=142610"}],"curies":[{"name":"wp","href":"https:\/\/api.w.org\/{rel}","templated":true}]}}