{"id":142599,"date":"2024-12-13T22:03:12","date_gmt":"2024-12-14T01:03:12","guid":{"rendered":"https:\/\/vinasfm.com\/noticias\/?p=142599"},"modified":"2024-12-16T09:16:49","modified_gmt":"2024-12-16T12:16:49","slug":"un-nuevo-siniestro-vial-se-registro-en-las-ultimas-horas","status":"publish","type":"post","link":"https:\/\/vinasfm.com\/noticias\/un-nuevo-siniestro-vial-se-registro-en-las-ultimas-horas\/","title":{"rendered":"EL CONDUCTOR DE UN PEUGEOT 208 FUE HOSPITALIZADO TRAS PROTAGONIZAR UN VUELCO EN LA RN 143"},"content":{"rendered":"<h4><strong>Un nuevo accidente de tr\u00e1nsito se registr\u00f3 este viernes a las 12:42 horas en la Ruta Nacional N\u00b0 143, a la altura del kil\u00f3metro 318, en jurisdicci\u00f3n de General Alvear.<\/strong><\/h4>\n<p><a href=\"https:\/\/vinasfm.com\/noticias\/wp-content\/uploads\/2024\/12\/WhatsApp-Image-2024-12-13-at-22.00.10-1.jpeg\"><img loading=\"lazy\" decoding=\"async\" class=\"size-medium wp-image-142601 aligncenter\" src=\"https:\/\/vinasfm.com\/noticias\/wp-content\/uploads\/2024\/12\/WhatsApp-Image-2024-12-13-at-22.00.10-1-278x300.jpeg\" alt=\"\" width=\"278\" height=\"300\" srcset=\"https:\/\/vinasfm.com\/noticias\/wp-content\/uploads\/2024\/12\/WhatsApp-Image-2024-12-13-at-22.00.10-1-278x300.jpeg 278w, https:\/\/vinasfm.com\/noticias\/wp-content\/uploads\/2024\/12\/WhatsApp-Image-2024-12-13-at-22.00.10-1.jpeg 720w\" sizes=\"auto, (max-width: 278px) 100vw, 278px\" \/><\/a><\/p>\n<p>Seg\u00fan informaron desde la Comisar\u00eda 14\u00b0, un autom\u00f3vil Peugeot 208, color rojo, dominio OHI.060, conducido por David V. (55 a\u00f1os), perdi\u00f3 el control y volc\u00f3. El conductor fue asistido por personal del Servicio de Emergencias Coordinado y trasladado al hospital local con politraumatismos.<\/p>\n<p>Al parecer, el siniestro se habr\u00eda producido sin la intervenci\u00f3n de otros veh\u00edculos. Las causas del accidente se encuentran siendo investigadas.<\/p>\n","protected":false},"excerpt":{"rendered":"<p>Un nuevo accidente de tr\u00e1nsito se registr\u00f3 este viernes a las 12:42 horas en la Ruta Nacional N\u00b0 143, a la &#8230;<\/p>\n","protected":false},"author":7,"featured_media":142600,"comment_status":"open","ping_status":"open","sticky":false,"template":"","format":"standard","meta":{"footnotes":""},"categories":[4,184],"tags":[],"class_list":["post-142599","post","type-post","status-publish","format-standard","has-post-thumbnail","hentry","category-policiales","category-siniestro-vial"],"_links":{"self":[{"href":"https:\/\/vinasfm.com\/noticias\/wp-json\/wp\/v2\/posts\/142599","targetHints":{"allow":["GET"]}}],"collection":[{"href":"https:\/\/vinasfm.com\/noticias\/wp-json\/wp\/v2\/posts"}],"about":[{"href":"https:\/\/vinasfm.com\/noticias\/wp-json\/wp\/v2\/types\/post"}],"author":[{"embeddable":true,"href":"https:\/\/vinasfm.com\/noticias\/wp-json\/wp\/v2\/users\/7"}],"replies":[{"embeddable":true,"href":"https:\/\/vinasfm.com\/noticias\/wp-json\/wp\/v2\/comments?post=142599"}],"version-history":[{"count":4,"href":"https:\/\/vinasfm.com\/noticias\/wp-json\/wp\/v2\/posts\/142599\/revisions"}],"predecessor-version":[{"id":142638,"href":"https:\/\/vinasfm.com\/noticias\/wp-json\/wp\/v2\/posts\/142599\/revisions\/142638"}],"wp:featuredmedia":[{"embeddable":true,"href":"https:\/\/vinasfm.com\/noticias\/wp-json\/wp\/v2\/media\/142600"}],"wp:attachment":[{"href":"https:\/\/vinasfm.com\/noticias\/wp-json\/wp\/v2\/media?parent=142599"}],"wp:term":[{"taxonomy":"category","embeddable":true,"href":"https:\/\/vinasfm.com\/noticias\/wp-json\/wp\/v2\/categories?post=142599"},{"taxonomy":"post_tag","embeddable":true,"href":"https:\/\/vinasfm.com\/noticias\/wp-json\/wp\/v2\/tags?post=142599"}],"curies":[{"name":"wp","href":"https:\/\/api.w.org\/{rel}","templated":true}]}}