{"id":142597,"date":"2024-12-13T21:44:27","date_gmt":"2024-12-14T00:44:27","guid":{"rendered":"https:\/\/vinasfm.com\/noticias\/?p=142597"},"modified":"2024-12-16T08:58:44","modified_gmt":"2024-12-16T11:58:44","slug":"desde-la-asesoria-de-discapacidad-incorporaran-profesionales-de-la-salud-para-facilitar-la-gestion-de-pensiones-no-contributivas","status":"publish","type":"post","link":"https:\/\/vinasfm.com\/noticias\/desde-la-asesoria-de-discapacidad-incorporaran-profesionales-de-la-salud-para-facilitar-la-gestion-de-pensiones-no-contributivas\/","title":{"rendered":"DESDE LA ASESOR\u00cdA DE DISCAPACIDAD INCORPORAR\u00c1N PROFESIONALES DE LA SALUD PARA FACILITAR LA GESTI\u00d3N DE PENSIONES NO CONTRIBUTIVAS"},"content":{"rendered":"<h4><strong>En la ma\u00f1ana del viernes, la Asesora de Discapacidad, Viviana Lima, anunci\u00f3 una importante novedad para el departamento: la incorporaci\u00f3n de un m\u00e9dico encargado de firmar el Certificado M\u00e9dico Oficial (CMO), un documento esencial para gestionar pensiones no contributivas.<\/strong><\/h4>\n<p>El acceso al CMO es crucial para destrabar las gestiones de pensiones no contributivas en ANSES, ya que durante el \u00faltimo a\u00f1o muchas personas del departamento deb\u00edan trasladarse a San Rafael para obtener un turno. <em><strong>\u201cEra una necesidad muy urgente. Ahora, con los m\u00e9dicos en el departamento, se reduce significativamente esta dificultad para los vecinos\u201d<\/strong><\/em>, explic\u00f3 Lima.<\/p>\n<p>La atenci\u00f3n se brindar\u00e1 los mi\u00e9rcoles y jueves a partir de las 13 horas, inicialmente con dos turnos diarios durante diciembre, atendidos por el doctor Torres en el consultorio que anteriormente pertenec\u00eda a la cooperadora. Para ser atendidos, los pacientes deben llevar su DNI original o una foto clara de ambos lados en el celular.<\/p>\n<p>Aunque el cupo inicial de turnos es limitado, se planea ampliar la disponibilidad conforme a la demanda. Adem\u00e1s, se incorporar\u00e1 pr\u00f3ximamente un nuevo m\u00e9dico para reforzar el servicio. Lima anticip\u00f3 que, tras el verano, cuando los profesionales retomen su actividad regular, se podr\u00e1n ofrecer m\u00e1s turnos. <em><strong>\u201cEra una necesidad que hace m\u00e1s de un a\u00f1o ten\u00edamos en el departamento. Despu\u00e9s de un arduo trabajo logramos incorporar a un m\u00e9dico y estamos gestionando la incorporaci\u00f3n de un segundo profesional\u201d<\/strong><\/em>, concluy\u00f3.<\/p>\n<p>Este avance representa un gran alivio para los vecinos del departamento, marcando un paso importante en la mejora del acceso a derechos b\u00e1sicos.<\/p>\n","protected":false},"excerpt":{"rendered":"<p>En la ma\u00f1ana del viernes, la Asesora de Discapacidad, Viviana Lima, anunci\u00f3 una importante novedad para el departamento: la incorporaci\u00f3n de &#8230;<\/p>\n","protected":false},"author":7,"featured_media":130187,"comment_status":"open","ping_status":"open","sticky":false,"template":"","format":"standard","meta":{"footnotes":""},"categories":[5,15],"tags":[],"class_list":["post-142597","post","type-post","status-publish","format-standard","has-post-thumbnail","hentry","category-actualidad","category-salud"],"_links":{"self":[{"href":"https:\/\/vinasfm.com\/noticias\/wp-json\/wp\/v2\/posts\/142597","targetHints":{"allow":["GET"]}}],"collection":[{"href":"https:\/\/vinasfm.com\/noticias\/wp-json\/wp\/v2\/posts"}],"about":[{"href":"https:\/\/vinasfm.com\/noticias\/wp-json\/wp\/v2\/types\/post"}],"author":[{"embeddable":true,"href":"https:\/\/vinasfm.com\/noticias\/wp-json\/wp\/v2\/users\/7"}],"replies":[{"embeddable":true,"href":"https:\/\/vinasfm.com\/noticias\/wp-json\/wp\/v2\/comments?post=142597"}],"version-history":[{"count":2,"href":"https:\/\/vinasfm.com\/noticias\/wp-json\/wp\/v2\/posts\/142597\/revisions"}],"predecessor-version":[{"id":142634,"href":"https:\/\/vinasfm.com\/noticias\/wp-json\/wp\/v2\/posts\/142597\/revisions\/142634"}],"wp:featuredmedia":[{"embeddable":true,"href":"https:\/\/vinasfm.com\/noticias\/wp-json\/wp\/v2\/media\/130187"}],"wp:attachment":[{"href":"https:\/\/vinasfm.com\/noticias\/wp-json\/wp\/v2\/media?parent=142597"}],"wp:term":[{"taxonomy":"category","embeddable":true,"href":"https:\/\/vinasfm.com\/noticias\/wp-json\/wp\/v2\/categories?post=142597"},{"taxonomy":"post_tag","embeddable":true,"href":"https:\/\/vinasfm.com\/noticias\/wp-json\/wp\/v2\/tags?post=142597"}],"curies":[{"name":"wp","href":"https:\/\/api.w.org\/{rel}","templated":true}]}}