{"id":142507,"date":"2024-12-12T08:55:28","date_gmt":"2024-12-12T11:55:28","guid":{"rendered":"https:\/\/vinasfm.com\/noticias\/?p=142507"},"modified":"2024-12-13T08:57:56","modified_gmt":"2024-12-13T11:57:56","slug":"a-un-ano-del-inicio-de-su-gestion-molero-destaca-los-logros-y-vislumbra-un-futuro-prometedor-para-general-alvear","status":"publish","type":"post","link":"https:\/\/vinasfm.com\/noticias\/a-un-ano-del-inicio-de-su-gestion-molero-destaca-los-logros-y-vislumbra-un-futuro-prometedor-para-general-alvear\/","title":{"rendered":"A UN A\u00d1O DEL INICIO DE SU GESTI\u00d3N, MOLERO DESTACA LOS LOGROS Y VISLUMBRA UN FUTURO PROMETEDOR PARA GENERAL ALVEAR"},"content":{"rendered":"<h4><span style=\"color: #000000;\">En un balance de su primer a\u00f1o de gesti\u00f3n, el Intendente Alejandro Molero se mostr\u00f3 satisfecho con los avances alcanzados y optimista respecto al futuro del departamento.<\/span><\/h4>\n<p><span style=\"color: #000000;\">En una nota exclusiva para <strong><span style=\"color: #800080;\">FM VI\u00d1AS<\/span><\/strong>, el mandatario destac\u00f3 las importantes inversiones en infraestructura, la generaci\u00f3n de empleo y el fortalecimiento de los servicios p\u00fablicos. <em><strong>\u00abLa verdad que con \u00e1nimos y ganas renovadas, con much\u00edsimos proyectos y concretando algunos hoy sobre el final del primer a\u00f1o de gesti\u00f3n\u00bb<\/strong><\/em>, afirm\u00f3 Molero.<\/span><\/p>\n<p><span style=\"color: #000000;\">A pesar de los desaf\u00edos econ\u00f3micos a nivel nacional, el Intendente resalt\u00f3 la capacidad de adaptaci\u00f3n del municipio y su compromiso con el bienestar de los vecinos.<\/span><\/p>\n<p><span style=\"color: #000000;\">Uno de los ejes centrales de la gesti\u00f3n de <span style=\"color: #003366;\"><strong>Sr. Intendente Alejandro Molero<\/strong><\/span> ha sido la inversi\u00f3n en obras p\u00fablicas. <em><strong>\u00abCon una inversi\u00f3n enorme inversi\u00f3n, General Alvear est\u00e1 siendo apoyado, acompa\u00f1ado e impulsado desde la Obra P\u00fablica\u00bb<\/strong><\/em>, subray\u00f3 el Intendente, haciendo hincapi\u00e9 en proyectos como la mejora de la Ruta Provincial 153, la ampliaci\u00f3n de la Planta de Tratamiento de L\u00edquidos Cloacales y la construcci\u00f3n del Polideportivo de Bowen.<strong><em> \u00abSon realidades, no promesas ni enunciados\u00bb<\/em><\/strong>, subray\u00f3.<\/span><\/p>\n<p><span style=\"color: #000000;\">Asimismo, Molero destac\u00f3 la importancia de la generaci\u00f3n de empleo y el desarrollo econ\u00f3mico, poniendo en valor la empresa de comunicaciones Global Solutions, la cual fue gestada con apoyo del Municipio y hoy emplea a 51 personas. <strong><em>\u00abEstamos analizando trasladar esa empresa al viejo mercado municipal, donde hemos trasladado algunas dependencias municipales porque tienen mayor amplitud. Hoy son 51 puestos de trabajo con potencial de ampliarse a 150 y, con gran esfuerzo, podremos concluir el 2025 con 200 puestos\u00bb.<\/em><\/strong><\/span><\/p>\n<p><a href=\"https:\/\/vinasfm.com\/noticias\/wp-content\/uploads\/2023\/12\/Asuncion-Intendente-Alejandro-Molero-1-scaled.jpg\"><img loading=\"lazy\" decoding=\"async\" class=\"alignnone wp-image-130500\" src=\"https:\/\/vinasfm.com\/noticias\/wp-content\/uploads\/2023\/12\/Asuncion-Intendente-Alejandro-Molero-1-1024x684.jpg\" alt=\"\" width=\"600\" height=\"401\" srcset=\"https:\/\/vinasfm.com\/noticias\/wp-content\/uploads\/2023\/12\/Asuncion-Intendente-Alejandro-Molero-1-1024x684.jpg 1024w, https:\/\/vinasfm.com\/noticias\/wp-content\/uploads\/2023\/12\/Asuncion-Intendente-Alejandro-Molero-1-300x200.jpg 300w, https:\/\/vinasfm.com\/noticias\/wp-content\/uploads\/2023\/12\/Asuncion-Intendente-Alejandro-Molero-1-768x513.jpg 768w, https:\/\/vinasfm.com\/noticias\/wp-content\/uploads\/2023\/12\/Asuncion-Intendente-Alejandro-Molero-1-1536x1025.jpg 1536w, https:\/\/vinasfm.com\/noticias\/wp-content\/uploads\/2023\/12\/Asuncion-Intendente-Alejandro-Molero-1-2048x1367.jpg 2048w\" sizes=\"auto, (max-width: 600px) 100vw, 600px\" \/><\/a><\/p>\n<h6>El Sr. Intendente Alejandro Molero en su Acto de Asunci\u00f3n, diciembre 2023.<\/h6>\n<h2><span style=\"color: #000000;\">Un municipio que llega a los barrios<\/span><\/h2>\n<p><span style=\"color: #000000;\">Consultado por las fortalezas de su gesti\u00f3n, Molero no dud\u00f3 al considerar que <strong><em>\u201cla cercan\u00eda con los vecinos, tener un municipio abierto pero sobre todo llegar a los barrios y recorrer hasta el \u00faltimo rinc\u00f3n de General Alvear es lo m\u00e1s importante de nuestro rol. La ciudadan\u00eda nos dio la posibilidad de, por al menos 4 a\u00f1os, plasmar la realidad de la ciudadan\u00eda no solo como funcionarios, sino como vecinos alvearenses\u201d.<\/em><\/strong> En ese contexto, el Jefe Comunal destac\u00f3 el gabinete est\u00e1 integrado por funcionaria que, casi en su mayor\u00eda, no hab\u00edan tenido una experiencia similar pero han demostrado su compromiso.<\/span><\/p>\n<h2><span style=\"color: #000000;\">Alvear crece<\/span><\/h2>\n<p><span style=\"color: #000000;\">Molero se mostr\u00f3 confiado en el futuro de General Alvear. <strong><em>\u00abGeneral Alvear pasa a ser una de las econom\u00edas emergentes, una de las ciudades emergentes no solamente en lo tur\u00edstico, emergente en lo productivo emergente en lo social\u00bb<\/em><\/strong>, asegur\u00f3.<\/span><\/p>\n<p><span style=\"color: #000000;\">As\u00ed mismo, destac\u00f3 la importancia de la colaboraci\u00f3n entre los municipios del sur y la potencialidad de la regi\u00f3n para el desarrollo econ\u00f3mico y tur\u00edstico.<strong><em>\u00abCreo que se est\u00e1n dando todas las situaciones y las circunstancias para que General Alvear y el Sur tengan un enorme desarrollo en los pr\u00f3ximos a\u00f1os\u00bb<\/em><\/strong>, concluy\u00f3 Molero.<\/span><\/p>\n<p><span style=\"color: #000000;\">En s\u00edntesis, el primer a\u00f1o de gesti\u00f3n de Alejandro Molero ha estado marcado por importantes avances en materia de infraestructura, desarrollo econ\u00f3mico y servicios p\u00fablicos. Con una visi\u00f3n optimista hacia el futuro, el Intendente se comprometi\u00f3 a seguir trabajando por el bienestar de los vecinos de General Alvear.<\/span><\/p>\n<p>&nbsp;<\/p>\n","protected":false},"excerpt":{"rendered":"<p>En un balance de su primer a\u00f1o de gesti\u00f3n, el Intendente Alejandro Molero se mostr\u00f3 satisfecho con los avances alcanzados y &#8230;<\/p>\n","protected":false},"author":7,"featured_media":142513,"comment_status":"open","ping_status":"open","sticky":false,"template":"","format":"standard","meta":{"footnotes":""},"categories":[78,7],"tags":[],"class_list":["post-142507","post","type-post","status-publish","format-standard","has-post-thumbnail","hentry","category-municipalidad","category-politica"],"_links":{"self":[{"href":"https:\/\/vinasfm.com\/noticias\/wp-json\/wp\/v2\/posts\/142507","targetHints":{"allow":["GET"]}}],"collection":[{"href":"https:\/\/vinasfm.com\/noticias\/wp-json\/wp\/v2\/posts"}],"about":[{"href":"https:\/\/vinasfm.com\/noticias\/wp-json\/wp\/v2\/types\/post"}],"author":[{"embeddable":true,"href":"https:\/\/vinasfm.com\/noticias\/wp-json\/wp\/v2\/users\/7"}],"replies":[{"embeddable":true,"href":"https:\/\/vinasfm.com\/noticias\/wp-json\/wp\/v2\/comments?post=142507"}],"version-history":[{"count":4,"href":"https:\/\/vinasfm.com\/noticias\/wp-json\/wp\/v2\/posts\/142507\/revisions"}],"predecessor-version":[{"id":142514,"href":"https:\/\/vinasfm.com\/noticias\/wp-json\/wp\/v2\/posts\/142507\/revisions\/142514"}],"wp:featuredmedia":[{"embeddable":true,"href":"https:\/\/vinasfm.com\/noticias\/wp-json\/wp\/v2\/media\/142513"}],"wp:attachment":[{"href":"https:\/\/vinasfm.com\/noticias\/wp-json\/wp\/v2\/media?parent=142507"}],"wp:term":[{"taxonomy":"category","embeddable":true,"href":"https:\/\/vinasfm.com\/noticias\/wp-json\/wp\/v2\/categories?post=142507"},{"taxonomy":"post_tag","embeddable":true,"href":"https:\/\/vinasfm.com\/noticias\/wp-json\/wp\/v2\/tags?post=142507"}],"curies":[{"name":"wp","href":"https:\/\/api.w.org\/{rel}","templated":true}]}}