{"id":142489,"date":"2024-12-11T10:27:41","date_gmt":"2024-12-11T13:27:41","guid":{"rendered":"https:\/\/vinasfm.com\/noticias\/?p=142489"},"modified":"2024-12-12T10:35:57","modified_gmt":"2024-12-12T13:35:57","slug":"tras-45-anos-buscan-al-desaparecido-oscar-garavaglia-en-el-cementerio-de-las-minas-de-picardo","status":"publish","type":"post","link":"https:\/\/vinasfm.com\/noticias\/tras-45-anos-buscan-al-desaparecido-oscar-garavaglia-en-el-cementerio-de-las-minas-de-picardo\/","title":{"rendered":"TRAS 45 A\u00d1OS, BUSCAN AL DESAPARECIDO OSCAR GARAVAGLIA EN EL CEMENTERIO DE LAS MINAS DE PICARDO"},"content":{"rendered":"<h4><span style=\"color: #000000;\">Oscar Garavaglia desapareci\u00f3 el 12 de enero de 1979 en el departamento de San Rafael.<\/span><\/h4>\n<article class=\"article-body article-body--first-paragraph\"><span style=\"color: #000000;\">A partir de datos recientes en la renovada investigaci\u00f3n de la desaparici\u00f3n de<strong>\u00a0Oscar Garavaglia,<\/strong>\u00a0<strong>buscan en tumbas de un centenario cementerio de una mina abandonada<\/strong>.<\/span><\/p>\n<\/article>\n<article class=\"article-body article-body--second-paragraph\"><span style=\"color: #000000;\">El juez que lleva el caso, junto al fiscal que lo acompa\u00f1a, en absoluto hermetismo, lograron, durante dos a\u00f1os de investigaci\u00f3n, determinar que\u00a0<strong>hubo hip\u00f3tesis que no fueron exploradas en su momento y ahora se intentar\u00e1 confirmar o descartar<\/strong>.<\/span><\/p>\n<article class=\"article-body article-body--second-paragraph\"><span style=\"color: #000000;\">Una de ellas, daba cuenta de que el cuerpo del<strong>\u00a0muchacho desaparecido el 12 de enero de 1979<\/strong>, habr\u00eda sido llevado a lomo de burro y enterrado en una de las tumbas de la\u00a0<strong>vieja mina Picardo o San Eduardo.<\/strong><\/span><\/p>\n<\/article>\n<article class=\"article-body article-body--second-paragraph\"><span style=\"color: #000000;\">Un equipo de 4 antrop\u00f3logos de Mendoza, junto al servicio de drones de la Polic\u00eda de Mendoza y bomberos, trabajan\u00a0<strong>para iniciar una tarea que puede durar m\u00e1s de un mes<\/strong>, en b\u00fasqueda de indicios que permitan continuar con la investigaci\u00f3n sobre esta hip\u00f3tesis.<\/span><\/p>\n<p><span style=\"color: #000000;\">Un dato que llam\u00f3 la atenci\u00f3n fue que la mayor\u00eda de los cuerpos enterrados pertenecen a mujeres. \u00ab<strong>Hay tumbas de m\u00e1s de 100 a\u00f1os de antig\u00fcedad\u00bb<\/strong>, dijeron en exclusiva los investigadores a este medio.<\/span><\/p>\n<p><span style=\"color: #000000;\">En la mina hubo hasta trabajadores esclavos, relatan los investigadores, al tiempo que recuerdan que ese emprendimiento fue cerrado durante la primera presidencia de Juan Domingo Per\u00f3n.<\/span><\/p>\n<p><span style=\"color: #000000;\"><strong>Los antrop\u00f3logos pertenecen al Ministerio P\u00fablico Fiscal de Mendoza<\/strong>, que ya han trabajado y descartado, por ejemplo, las pistas de restos \u00f3seos que en su momento fueron peritajes en la causa de la\u00a0<strong>desaparici\u00f3n de la enfermera sanrafaelina, Silvia Ch\u00e1vez en el a\u00f1o 2022.<\/strong><\/span><\/p>\n<p><span style=\"color: #000000;\">El acceso al lugar fue sumamente dificultoso, ya que no se puede ir en veh\u00edculo y sin un gu\u00eda que conozca la zona. Es m\u00e1s,<strong>\u00a0todo el personal que fue este martes tuvo que caminar casi 5 km para llegar al predio que permanece alambrado.<\/strong><\/span><\/p>\n<p><span style=\"color: #000000;\">Los magistrados han mantenido absoluto silencio sobre la investigaci\u00f3n\u00a0<strong>\u201cporque no queremos crear falsas expectativas, mucho menos en una familia que mantiene su dolor, pero han colaborado permanentemente en la nueva investigaci\u00f3n<\/strong>\u00ab.<\/span><\/p>\n<\/article>\n<\/article>\n","protected":false},"excerpt":{"rendered":"<p>Oscar Garavaglia desapareci\u00f3 el 12 de enero de 1979 en el departamento de San Rafael. A partir de datos recientes en &#8230;<\/p>\n","protected":false},"author":7,"featured_media":142490,"comment_status":"open","ping_status":"open","sticky":false,"template":"","format":"standard","meta":{"footnotes":""},"categories":[10,22],"tags":[],"class_list":["post-142489","post","type-post","status-publish","format-standard","has-post-thumbnail","hentry","category-destacadas","category-justicia"],"_links":{"self":[{"href":"https:\/\/vinasfm.com\/noticias\/wp-json\/wp\/v2\/posts\/142489","targetHints":{"allow":["GET"]}}],"collection":[{"href":"https:\/\/vinasfm.com\/noticias\/wp-json\/wp\/v2\/posts"}],"about":[{"href":"https:\/\/vinasfm.com\/noticias\/wp-json\/wp\/v2\/types\/post"}],"author":[{"embeddable":true,"href":"https:\/\/vinasfm.com\/noticias\/wp-json\/wp\/v2\/users\/7"}],"replies":[{"embeddable":true,"href":"https:\/\/vinasfm.com\/noticias\/wp-json\/wp\/v2\/comments?post=142489"}],"version-history":[{"count":1,"href":"https:\/\/vinasfm.com\/noticias\/wp-json\/wp\/v2\/posts\/142489\/revisions"}],"predecessor-version":[{"id":142491,"href":"https:\/\/vinasfm.com\/noticias\/wp-json\/wp\/v2\/posts\/142489\/revisions\/142491"}],"wp:featuredmedia":[{"embeddable":true,"href":"https:\/\/vinasfm.com\/noticias\/wp-json\/wp\/v2\/media\/142490"}],"wp:attachment":[{"href":"https:\/\/vinasfm.com\/noticias\/wp-json\/wp\/v2\/media?parent=142489"}],"wp:term":[{"taxonomy":"category","embeddable":true,"href":"https:\/\/vinasfm.com\/noticias\/wp-json\/wp\/v2\/categories?post=142489"},{"taxonomy":"post_tag","embeddable":true,"href":"https:\/\/vinasfm.com\/noticias\/wp-json\/wp\/v2\/tags?post=142489"}],"curies":[{"name":"wp","href":"https:\/\/api.w.org\/{rel}","templated":true}]}}