{"id":142468,"date":"2024-12-11T08:33:26","date_gmt":"2024-12-11T11:33:26","guid":{"rendered":"https:\/\/vinasfm.com\/noticias\/?p=142468"},"modified":"2024-12-12T10:09:08","modified_gmt":"2024-12-12T13:09:08","slug":"gobierno-de-mendoza-los-establecimientos-educativos-estan-exentos-de-pagar-derechos-de-autor","status":"publish","type":"post","link":"https:\/\/vinasfm.com\/noticias\/gobierno-de-mendoza-los-establecimientos-educativos-estan-exentos-de-pagar-derechos-de-autor\/","title":{"rendered":"GOBIERNO DE MENDOZA: LOS ESTABLECIMIENTOS EDUCATIVOS EST\u00c1N EXENTOS DE PAGAR DERECHOS DE AUTOR"},"content":{"rendered":"<h4><span style=\"color: #000000;\">El Ministerio de Gobierno, Infraestructura y Desarrollo Territorial y la Direcci\u00f3n General de Escuelas (DGE) aclararon que los establecimientos educativos est\u00e1n exceptuados de abonar aranceles a SADAIC, AADI y CAPIF para la realizaci\u00f3n de sus eventos privados y fiestas de fin de a\u00f1o.<\/span><\/h4>\n<p><span style=\"color: #000000;\">El <em>director general de Asuntos Gubernamentales<\/em>, <span style=\"color: #003366;\"><strong>Francisco Mondotte<\/strong><\/span>, junto con la <em>subsecretaria de Educaci\u00f3n<\/em>, <span style=\"color: #003366;\"><strong>Claudia Ferrari<\/strong><\/span>; la <em>directora de Defensa del Consumidor<\/em>, <span style=\"color: #003366;\"><strong>M\u00f3nica Lucero<\/strong><\/span>, y <span style=\"color: #003366;\"><strong>Tamara Salom\u00f3n<\/strong><\/span>, <em>coordinadora de la DGE<\/em>, mantuvieron un encuentro para resolver la situaci\u00f3n de los establecimientos educativos a los que<strong> se les ha exigido el pago de aranceles conexos enmarcados en la Ley de Propiedad Intelectual 11723 para la realizaci\u00f3n de sus actos de fin de ciclo.<\/strong><\/span><\/p>\n<p><span style=\"color: #000000;\">El texto de la Ley Nacional 17753 establece en su art\u00edculo 1\u00b0 inc. b, que <em>\u201cser\u00e1 licita y estar\u00e1 exenta del pago de derechos de autor y de los int\u00e9rpretes que establece el art\u00edculo 56 la representaci\u00f3n, la ejecuci\u00f3n y la recitaci\u00f3n de las obras literarias o art\u00edsticas ya publicadas, en estos actos p\u00fablicos organizados por establecimientos de ense\u00f1anza vinculados en el cumplimiento de sus fines educativos, planes y programas de estudio, siempre que el espect\u00e1culo no sea difundido fuera del lugar donde se realice, y la concurrencia y la actuaci\u00f3n de los int\u00e9rpretes sea gratuita\u201d.<\/em><\/span><\/p>\n<p><span style=\"color: #000000;\">La norma contempla a los actos de fin de a\u00f1o como cualquier otro evento que desarrollen los establecimientos de ense\u00f1anza, ya sea en el espacio f\u00edsico que habitualmente ocupan como en otro \u00e1mbito habilitado (teatros, salones, centros de congresos, etc.) y est\u00e1n exentos del pago de aranceles de SADAIC, AADI y CAPIF.<\/span><\/p>\n<p><span style=\"color: #000000;\">Francisco Mondotte, director general de Asuntos Gubernamentales, coment\u00f3 que ante decenas de consultas de escuelas de la provincia, institutos de ense\u00f1anza de danza, de idiomas y universidades, el Gobierno de la Provincia informa que<em><strong> \u201cen ning\u00fan caso, cuando se trata de muestras program\u00e1ticas u actos propios del calendario educativo, puede exig\u00edrseles el pago de estos aranceles. Si as\u00ed fuese, es una exigencia irregular pasible de ser reclamada ante Defensa del Consumidor\u201d.<\/strong><\/em><\/span><\/p>\n<p><span style=\"color: #000000;\">Por su parte, Claudia Ferrari, subsecretaria de Educaci\u00f3n, explic\u00f3 que la reuni\u00f3n sirvi\u00f3 para determinar los aspectos que deben considerarse para la excepci\u00f3n del arancel establecido por SADAIC, AADI CAPIF y otras instituciones relacionadas con los derechos de autor. <em><strong>\u201cDesde la DGE vamos a acompa\u00f1ar a los directores con normativa que orienta la aplicaci\u00f3n de la norma legal vigente, de manera que ninguna escuela pague, por ejemplo, para sus actos de fin de ciclo, arancel por derechos de autor y\/o interpretaci\u00f3n\u201d<\/strong><\/em>, afirm\u00f3 la funcionaria.<\/span><\/p>\n<h4><span style=\"color: #000000;\"><strong>Denuncia en Defensa del Consumidor<\/strong><\/span><\/h4>\n<p><span style=\"color: #000000;\">Es importante mencionar que los establecimientos educativos que hayan sido alcanzados por el cobro de aranceles por derechos de autor deben solicitar la devoluci\u00f3n del importe mediante la denuncia en el portal\u00a0<span style=\"color: #0000ff;\"><a style=\"color: #0000ff;\" href=\"https:\/\/www.argentina.gob.ar\/produccion\/defensadelconsumidor\/formulario%20\">Ventanilla \u00danica Federal<\/a>.<\/span><\/span><\/p>\n<p><span style=\"color: #000000;\">Los consumidores que requieran asesoramiento personal al respecto consultar hacerlo en las oficinas de Defensa del Consumidor habilitadas en cada departamento de la provincia de Mendoza.<\/span><\/p>\n","protected":false},"excerpt":{"rendered":"<p>El Ministerio de Gobierno, Infraestructura y Desarrollo Territorial y la Direcci\u00f3n General de Escuelas (DGE) aclararon que los establecimientos educativos est\u00e1n &#8230;<\/p>\n","protected":false},"author":7,"featured_media":142472,"comment_status":"open","ping_status":"open","sticky":false,"template":"","format":"standard","meta":{"footnotes":""},"categories":[10,77],"tags":[],"class_list":["post-142468","post","type-post","status-publish","format-standard","has-post-thumbnail","hentry","category-destacadas","category-gobierno"],"_links":{"self":[{"href":"https:\/\/vinasfm.com\/noticias\/wp-json\/wp\/v2\/posts\/142468","targetHints":{"allow":["GET"]}}],"collection":[{"href":"https:\/\/vinasfm.com\/noticias\/wp-json\/wp\/v2\/posts"}],"about":[{"href":"https:\/\/vinasfm.com\/noticias\/wp-json\/wp\/v2\/types\/post"}],"author":[{"embeddable":true,"href":"https:\/\/vinasfm.com\/noticias\/wp-json\/wp\/v2\/users\/7"}],"replies":[{"embeddable":true,"href":"https:\/\/vinasfm.com\/noticias\/wp-json\/wp\/v2\/comments?post=142468"}],"version-history":[{"count":1,"href":"https:\/\/vinasfm.com\/noticias\/wp-json\/wp\/v2\/posts\/142468\/revisions"}],"predecessor-version":[{"id":142473,"href":"https:\/\/vinasfm.com\/noticias\/wp-json\/wp\/v2\/posts\/142468\/revisions\/142473"}],"wp:featuredmedia":[{"embeddable":true,"href":"https:\/\/vinasfm.com\/noticias\/wp-json\/wp\/v2\/media\/142472"}],"wp:attachment":[{"href":"https:\/\/vinasfm.com\/noticias\/wp-json\/wp\/v2\/media?parent=142468"}],"wp:term":[{"taxonomy":"category","embeddable":true,"href":"https:\/\/vinasfm.com\/noticias\/wp-json\/wp\/v2\/categories?post=142468"},{"taxonomy":"post_tag","embeddable":true,"href":"https:\/\/vinasfm.com\/noticias\/wp-json\/wp\/v2\/tags?post=142468"}],"curies":[{"name":"wp","href":"https:\/\/api.w.org\/{rel}","templated":true}]}}