{"id":142376,"date":"2024-12-09T08:45:08","date_gmt":"2024-12-09T11:45:08","guid":{"rendered":"https:\/\/vinasfm.com\/noticias\/?p=142376"},"modified":"2024-12-09T08:45:08","modified_gmt":"2024-12-09T11:45:08","slug":"se-entregaron-los-premios-de-la-vi-bienal-de-arte-atuel-en-general-alvear","status":"publish","type":"post","link":"https:\/\/vinasfm.com\/noticias\/se-entregaron-los-premios-de-la-vi-bienal-de-arte-atuel-en-general-alvear\/","title":{"rendered":"SE ENTREGARON LOS PREMIOS DE LA VI BIENAL DE ARTE ATUEL EN GENERAL ALVEAR"},"content":{"rendered":"<h4><span style=\"color: #000000;\">La entrega de premios de la VI edici\u00f3n de la Bienal de Arte se llev\u00f3 a cabo con gran \u00e9xito, seg\u00fan lo manifestado por las autoridades locales, el jurado y los participantes. <\/span><\/h4>\n<p><span style=\"color: #000000;\">El evento, que tuvo lugar en la Bodega Fara\u00f3n, reuni\u00f3 a un gran n\u00famero de artistas provenientes de diversas ciudades argentinas, quienes mostraron su talento y creatividad en un ambiente de celebraci\u00f3n del arte.<\/span><\/p>\n<p><span style=\"color: #000000;\">Durante la entrega de premios, se preseleccionaron 50 obras en las categor\u00edas de dibujo y cer\u00e1mica escult\u00f3rica. Los mejores trabajos fueron premiados, adem\u00e1s de otorgar menciones especiales en dibujo. <em>La Directora de Cultura<\/em>, <strong><span style=\"color: #003366;\">Mar\u00eda Delia Achetoni<\/span><\/strong>, resalt\u00f3 la <strong><em>\u201ccalidad art\u00edstica y el inter\u00e9s de los participantes\u201d<\/em><\/strong>, lo que refleja el crecimiento y la relevancia del evento en el panorama cultural local.<\/span><\/p>\n<p><span style=\"color: #000000;\"><span style=\"color: #003366;\"><strong>Carlos Oca\u00f1a<\/strong><\/span>, <em>integrante del jurado<\/em>, agradeci\u00f3 a la direcci\u00f3n de cultura por la convocatoria y coment\u00f3 sobre el desaf\u00edo que represent\u00f3 elegir entre tantas obras magn\u00edficas. <strong>Aunque se not\u00f3 una menor participaci\u00f3n en algunas categor\u00edas como dibujo y cer\u00e1mica, Oca\u00f1a sugiri\u00f3 que esto podr\u00eda ser resultado de las dificultades para enviar obras desde lugares lejanos. A pesar de estos inconvenientes, el jurado logr\u00f3 llegar a acuerdos y determinar a los ganadores con \u00e9xito.<\/strong><\/span><\/p>\n<p><span style=\"color: #000000;\">Uno de los momentos m\u00e1s destacados fue el discurso de <span style=\"color: #003366;\"><strong>Ricardo Ajler<\/strong><\/span>, <em>quien obtuvo el primer premio en Dibujo<\/em>. En su intervenci\u00f3n al cierre de la VI Bienal de Arte del Atuel, <strong>Ajler expres\u00f3 su admiraci\u00f3n por Mendoza y describi\u00f3 a General Alvear como una ciudad que representa \u201cotra Argentina\u201d en comparaci\u00f3n con Buenos Aires.<\/strong> Su obra art\u00edstica, que simboliza a un \u201crey mendigo\u201d, refleja tanto la grandeza como la carencia del pa\u00eds.<\/span><\/p>\n<p><span style=\"color: #000000;\">Ajler comparti\u00f3 detalles sobre el laborioso proceso detr\u00e1s de su trabajo con carbonilla, llamada<em> \u00abEncuentro aqu\u00ed\u00bb<\/em> y habl\u00f3 sobre su experiencia al participar en concursos de arte, sinti\u00e9ndose afortunado por haber ganado. Adem\u00e1s, enfatiz\u00f3 la importancia del apoyo al arte en las ciudades y c\u00f3mo el dibujo se ha convertido en una herramienta fundamental en su vida para expresar y enfrentar adversidades.<\/span><\/p>\n<p><a href=\"https:\/\/vinasfm.com\/noticias\/wp-content\/uploads\/2024\/12\/IMG-20241207-WA0018.jpg\"><img loading=\"lazy\" decoding=\"async\" class=\"alignnone wp-image-142382\" src=\"https:\/\/vinasfm.com\/noticias\/wp-content\/uploads\/2024\/12\/IMG-20241207-WA0018-1024x683.jpg\" alt=\"\" width=\"430\" height=\"287\" srcset=\"https:\/\/vinasfm.com\/noticias\/wp-content\/uploads\/2024\/12\/IMG-20241207-WA0018-1024x683.jpg 1024w, https:\/\/vinasfm.com\/noticias\/wp-content\/uploads\/2024\/12\/IMG-20241207-WA0018-300x200.jpg 300w, https:\/\/vinasfm.com\/noticias\/wp-content\/uploads\/2024\/12\/IMG-20241207-WA0018-768x512.jpg 768w, https:\/\/vinasfm.com\/noticias\/wp-content\/uploads\/2024\/12\/IMG-20241207-WA0018-1536x1024.jpg 1536w, https:\/\/vinasfm.com\/noticias\/wp-content\/uploads\/2024\/12\/IMG-20241207-WA0018.jpg 1600w\" sizes=\"auto, (max-width: 430px) 100vw, 430px\" \/><\/a> <a href=\"https:\/\/vinasfm.com\/noticias\/wp-content\/uploads\/2024\/12\/IMG-20241207-WA0027.jpg\"><img loading=\"lazy\" decoding=\"async\" class=\"alignnone wp-image-142381\" src=\"https:\/\/vinasfm.com\/noticias\/wp-content\/uploads\/2024\/12\/IMG-20241207-WA0027-1024x684.jpg\" alt=\"\" width=\"430\" height=\"287\" srcset=\"https:\/\/vinasfm.com\/noticias\/wp-content\/uploads\/2024\/12\/IMG-20241207-WA0027-1024x684.jpg 1024w, https:\/\/vinasfm.com\/noticias\/wp-content\/uploads\/2024\/12\/IMG-20241207-WA0027-300x200.jpg 300w, https:\/\/vinasfm.com\/noticias\/wp-content\/uploads\/2024\/12\/IMG-20241207-WA0027-768x513.jpg 768w, https:\/\/vinasfm.com\/noticias\/wp-content\/uploads\/2024\/12\/IMG-20241207-WA0027-1536x1025.jpg 1536w, https:\/\/vinasfm.com\/noticias\/wp-content\/uploads\/2024\/12\/IMG-20241207-WA0027.jpg 1600w\" sizes=\"auto, (max-width: 430px) 100vw, 430px\" \/><\/a><\/p>\n<h6><span style=\"color: #000000;\"><strong>Ricardo Ajler, <em>obtuvo el primer premio en Dibujo en la VI Bienal del Arte.<\/em><\/strong><\/span><\/h6>\n<p><span style=\"color: #000000;\">Por su parte, <em>la artista autodidacta<\/em>, <span style=\"color: #003366;\"><strong>Mariana Chaparro<\/strong><\/span>, logr\u00f3 el Primer Premio en la categor\u00eda de Cer\u00e1mica Escult\u00f3rica en la VI Bienal del Arte. La escultora cautiv\u00f3 al jurado con su obra llamada <em>\u201cDesde donde se ve la claridad\u201d.<\/em><\/span><\/p>\n<p><span style=\"color: #000000;\">En la pieza presentada, Chaparro <strong>explora temas profundos como la vida, el crecimiento y b\u00fasqueda del sentido a trav\u00e9s de s\u00edmbolos como un \u00e1rbol, una persona y una escalera espiral.<\/strong> Con un lenguaje sencillo pero emotivo, la escultora comparte su visi\u00f3n sobre el camino de la vida y la importancia de aprender de las experiencias.<\/span><\/p>\n<p><a href=\"https:\/\/vinasfm.com\/noticias\/wp-content\/uploads\/2024\/12\/IMG-20241207-WA0042.jpg\"><img loading=\"lazy\" decoding=\"async\" class=\"alignnone wp-image-142379\" src=\"https:\/\/vinasfm.com\/noticias\/wp-content\/uploads\/2024\/12\/IMG-20241207-WA0042-1024x683.jpg\" alt=\"\" width=\"430\" height=\"287\" srcset=\"https:\/\/vinasfm.com\/noticias\/wp-content\/uploads\/2024\/12\/IMG-20241207-WA0042-1024x683.jpg 1024w, https:\/\/vinasfm.com\/noticias\/wp-content\/uploads\/2024\/12\/IMG-20241207-WA0042-300x200.jpg 300w, https:\/\/vinasfm.com\/noticias\/wp-content\/uploads\/2024\/12\/IMG-20241207-WA0042-768x512.jpg 768w, https:\/\/vinasfm.com\/noticias\/wp-content\/uploads\/2024\/12\/IMG-20241207-WA0042-1536x1024.jpg 1536w, https:\/\/vinasfm.com\/noticias\/wp-content\/uploads\/2024\/12\/IMG-20241207-WA0042.jpg 1600w\" sizes=\"auto, (max-width: 430px) 100vw, 430px\" \/><\/a> <a href=\"https:\/\/vinasfm.com\/noticias\/wp-content\/uploads\/2024\/12\/IMG-20241207-WA0026.jpg\"><img loading=\"lazy\" decoding=\"async\" class=\"alignnone wp-image-142380\" src=\"https:\/\/vinasfm.com\/noticias\/wp-content\/uploads\/2024\/12\/IMG-20241207-WA0026.jpg\" alt=\"\" width=\"430\" height=\"287\" srcset=\"https:\/\/vinasfm.com\/noticias\/wp-content\/uploads\/2024\/12\/IMG-20241207-WA0026.jpg 1600w, https:\/\/vinasfm.com\/noticias\/wp-content\/uploads\/2024\/12\/IMG-20241207-WA0026-300x200.jpg 300w, https:\/\/vinasfm.com\/noticias\/wp-content\/uploads\/2024\/12\/IMG-20241207-WA0026-1024x684.jpg 1024w, https:\/\/vinasfm.com\/noticias\/wp-content\/uploads\/2024\/12\/IMG-20241207-WA0026-768x513.jpg 768w, https:\/\/vinasfm.com\/noticias\/wp-content\/uploads\/2024\/12\/IMG-20241207-WA0026-1536x1025.jpg 1536w\" sizes=\"auto, (max-width: 430px) 100vw, 430px\" \/><\/a><\/p>\n<h6><span style=\"color: #000000;\"><strong>Mariana Chaparro<\/strong>, logr\u00f3 el Primer Premio en la categor\u00eda de Cer\u00e1mica Escult\u00f3rica en la VI Bienal del Arte. <\/span><\/h6>\n","protected":false},"excerpt":{"rendered":"<p>La entrega de premios de la VI edici\u00f3n de la Bienal de Arte se llev\u00f3 a cabo con gran \u00e9xito, seg\u00fan &#8230;<\/p>\n","protected":false},"author":7,"featured_media":142378,"comment_status":"open","ping_status":"open","sticky":false,"template":"","format":"standard","meta":{"footnotes":""},"categories":[1],"tags":[],"class_list":["post-142376","post","type-post","status-publish","format-standard","has-post-thumbnail","hentry","category-fmvinas"],"_links":{"self":[{"href":"https:\/\/vinasfm.com\/noticias\/wp-json\/wp\/v2\/posts\/142376","targetHints":{"allow":["GET"]}}],"collection":[{"href":"https:\/\/vinasfm.com\/noticias\/wp-json\/wp\/v2\/posts"}],"about":[{"href":"https:\/\/vinasfm.com\/noticias\/wp-json\/wp\/v2\/types\/post"}],"author":[{"embeddable":true,"href":"https:\/\/vinasfm.com\/noticias\/wp-json\/wp\/v2\/users\/7"}],"replies":[{"embeddable":true,"href":"https:\/\/vinasfm.com\/noticias\/wp-json\/wp\/v2\/comments?post=142376"}],"version-history":[{"count":2,"href":"https:\/\/vinasfm.com\/noticias\/wp-json\/wp\/v2\/posts\/142376\/revisions"}],"predecessor-version":[{"id":142383,"href":"https:\/\/vinasfm.com\/noticias\/wp-json\/wp\/v2\/posts\/142376\/revisions\/142383"}],"wp:featuredmedia":[{"embeddable":true,"href":"https:\/\/vinasfm.com\/noticias\/wp-json\/wp\/v2\/media\/142378"}],"wp:attachment":[{"href":"https:\/\/vinasfm.com\/noticias\/wp-json\/wp\/v2\/media?parent=142376"}],"wp:term":[{"taxonomy":"category","embeddable":true,"href":"https:\/\/vinasfm.com\/noticias\/wp-json\/wp\/v2\/categories?post=142376"},{"taxonomy":"post_tag","embeddable":true,"href":"https:\/\/vinasfm.com\/noticias\/wp-json\/wp\/v2\/tags?post=142376"}],"curies":[{"name":"wp","href":"https:\/\/api.w.org\/{rel}","templated":true}]}}