{"id":142371,"date":"2024-12-09T08:13:24","date_gmt":"2024-12-09T11:13:24","guid":{"rendered":"https:\/\/vinasfm.com\/noticias\/?p=142371"},"modified":"2024-12-09T10:26:54","modified_gmt":"2024-12-09T13:26:54","slug":"el-gobierno-de-mendoza-convoca-a-los-vecinos-de-san-pedro-del-atuel-para-avanzar-en-los-tramites-de-regularizacion-dominial","status":"publish","type":"post","link":"https:\/\/vinasfm.com\/noticias\/el-gobierno-de-mendoza-convoca-a-los-vecinos-de-san-pedro-del-atuel-para-avanzar-en-los-tramites-de-regularizacion-dominial\/","title":{"rendered":"EL GOBIERNO DE MENDOZA CONVOCA A LOS VECINOS DE SAN PEDRO DEL ATUEL PARA AVANZAR EN LOS TR\u00c1MITES DE REGULARIZACI\u00d3N DOMINIAL"},"content":{"rendered":"<h4><span style=\"color: #000000;\">El objetivo es renovar la documentaci\u00f3n relacionada con la adjudicaci\u00f3n y escrituraci\u00f3n de terrenos fiscales.<\/span><\/h4>\n<p><span style=\"color: #000000;\">La <strong>Direcci\u00f3n de Gesti\u00f3n de Bienes Registrables del Estado<\/strong> convoca a los pobladores del distrito de San Pedro del Atuel (Carmensa),\u00a0 para renovar la documentaci\u00f3n de adjudicaci\u00f3n y escrituraci\u00f3n de terrenos fiscales, en el marco de lo previsto en ley provincial 4711.<\/span><\/p>\n<p><span style=\"color: #000000;\">Esta actividad<strong> se desarrollar\u00e1 en conjunto con la Municipalidad de Alvear y tendr\u00e1 lugar el jueves 12 de diciembre en el polideportivo San Pedro del Atuel, en horario de 10:00 a 18:30 horas.<\/strong><\/span><\/p>\n<p><span style=\"color: #000000;\">Es importante se\u00f1alar que el asesoramiento es gratuito. En caso de consultas sobre esta convocatoria, las personas interesadas pueden comunicarse al 0261 3852362, o bien por correo electr\u00f3nico a :\u00a0<\/span><a href=\"mailto:nwanag@mendoza.gov.ar\">nwanag@mendoza.gov.ar<\/a>\u00a0o\u00a0<a href=\"mailto:ngelvez@mendoza.gov.ar\">ngelvez@mendoza.gov.ar<\/a>.<\/p>\n","protected":false},"excerpt":{"rendered":"<p>El objetivo es renovar la documentaci\u00f3n relacionada con la adjudicaci\u00f3n y escrituraci\u00f3n de terrenos fiscales. La Direcci\u00f3n de Gesti\u00f3n de Bienes &#8230;<\/p>\n","protected":false},"author":7,"featured_media":119408,"comment_status":"open","ping_status":"open","sticky":false,"template":"","format":"standard","meta":{"footnotes":""},"categories":[5,10],"tags":[],"class_list":["post-142371","post","type-post","status-publish","format-standard","has-post-thumbnail","hentry","category-actualidad","category-destacadas"],"_links":{"self":[{"href":"https:\/\/vinasfm.com\/noticias\/wp-json\/wp\/v2\/posts\/142371","targetHints":{"allow":["GET"]}}],"collection":[{"href":"https:\/\/vinasfm.com\/noticias\/wp-json\/wp\/v2\/posts"}],"about":[{"href":"https:\/\/vinasfm.com\/noticias\/wp-json\/wp\/v2\/types\/post"}],"author":[{"embeddable":true,"href":"https:\/\/vinasfm.com\/noticias\/wp-json\/wp\/v2\/users\/7"}],"replies":[{"embeddable":true,"href":"https:\/\/vinasfm.com\/noticias\/wp-json\/wp\/v2\/comments?post=142371"}],"version-history":[{"count":1,"href":"https:\/\/vinasfm.com\/noticias\/wp-json\/wp\/v2\/posts\/142371\/revisions"}],"predecessor-version":[{"id":142372,"href":"https:\/\/vinasfm.com\/noticias\/wp-json\/wp\/v2\/posts\/142371\/revisions\/142372"}],"wp:featuredmedia":[{"embeddable":true,"href":"https:\/\/vinasfm.com\/noticias\/wp-json\/wp\/v2\/media\/119408"}],"wp:attachment":[{"href":"https:\/\/vinasfm.com\/noticias\/wp-json\/wp\/v2\/media?parent=142371"}],"wp:term":[{"taxonomy":"category","embeddable":true,"href":"https:\/\/vinasfm.com\/noticias\/wp-json\/wp\/v2\/categories?post=142371"},{"taxonomy":"post_tag","embeddable":true,"href":"https:\/\/vinasfm.com\/noticias\/wp-json\/wp\/v2\/tags?post=142371"}],"curies":[{"name":"wp","href":"https:\/\/api.w.org\/{rel}","templated":true}]}}