{"id":142357,"date":"2024-12-07T10:46:48","date_gmt":"2024-12-07T13:46:48","guid":{"rendered":"https:\/\/vinasfm.com\/noticias\/?p=142357"},"modified":"2024-12-09T09:54:33","modified_gmt":"2024-12-09T12:54:33","slug":"se-licitaron-4-nuevas-obras-que-se-haran-con-los-fondos-del-resarcimiento-por-la-promocion-industrial","status":"publish","type":"post","link":"https:\/\/vinasfm.com\/noticias\/se-licitaron-4-nuevas-obras-que-se-haran-con-los-fondos-del-resarcimiento-por-la-promocion-industrial\/","title":{"rendered":"SE LICITARON 4 NUEVAS OBRAS QUE SE HARAN CON LOS FONDOS DEL RESARCIMIENTO POR LA PROMOCION INDUSTRIAL"},"content":{"rendered":"<h4><span style=\"color: #000000;\">Se trata del tramo 1 de la repavimentaci\u00f3n de la Ruta 153 y el revestimiento y modernizaci\u00f3n del canal Perrone. Adem\u00e1s, se licitaron dos obras de agua y saneamiento que son fundamentales para los mendocinos.<\/span><\/h4>\n<p><span style=\"color: #000000;\">El Gobierno licit\u00f3 cuatro nuevas obras que se concretar\u00e1n con los fondos que Mendoza obtuvo por el resarcimiento econ\u00f3mico de la Promoci\u00f3n Industrial, por m\u00e1s de 54 millones de d\u00f3lares. <strong>Las obras en cuesti\u00f3n incluyen el tramo 1 de la repavimentaci\u00f3n de la Ruta 153 que une Las Catitas y \u00d1acu\u00f1\u00e1n y el revestimiento y modernizaci\u00f3n del canal Perrone, ubicado en el Sur provincial, que beneficia a 250 usuarios y 5.333 hect\u00e1reas en la Cuenta del R\u00edo Atuel.<\/strong><\/span><\/p>\n<p><span style=\"color: #000000;\">Las otras dos que se licitaron fueron las <strong>obras para recolecci\u00f3n y transporte de l\u00edquidos cloacales de la colectora cloacal en Jun\u00edn, que beneficiar\u00e1 a 21.000 habitantes, y la colectora cloacal m\u00e1xima Tirasso, en Guaymall\u00e9n, que beneficiar\u00e1 a 88.000 habitantes.<\/strong><\/span><\/p>\n<p><span style=\"color: #000000;\">Asimismo, es importante destacar que se advierte un importante inter\u00e9s de las empresas para materializar cada una de las obras que se llevar\u00e1n adelante con los fondos del resarcimiento.<\/span><\/p>\n<p><em><strong><span style=\"color: #000000;\">\u201cContinuamos cumplimiento el cronograma anunciado por el Gobernador <\/span><\/strong><\/em><span style=\"color: #000000;\"><em><strong>Cornejo. Se hicieron las primeras aperturas de las obras que licit\u00f3 Aysam con la ampliaci\u00f3n del establecimiento depurador de Alvear para aumentar la capacidad de tratamiento de l\u00edquidos cloacas y la optimizaci\u00f3n del sistema de distribuci\u00f3n Gran Mendoza Terraza-Las Ca\u00f1as. La Provincia sigue dando se\u00f1ales importantes de previsibilidad para las empresas constructoras por su disciplina financiera porque no se detuvo la obra p\u00fablica y siempre hay una gran apuesta a seguir concretando obras de servicios b\u00e1sicos para los mendocinos\u201d<\/strong><\/em>, recalc\u00f3 <span style=\"color: #003366;\"><strong>Marit\u00e9 Badui<\/strong><\/span>, <em>subsecretaria de Infraestructura y Desarrollo Territorial.<\/em><\/span><\/p>\n<p><span style=\"color: #000000;\">Concretamente, <strong>hubo cinco oferentes para la ampliaci\u00f3n y refuncionalizaci\u00f3n del establecimiento depurador General Alvear<\/strong> y una empresa interesada en la optimizaci\u00f3n del sistema de distribuci\u00f3n Gran Mendoza Terraza-Las Ca\u00f1as, en Guaymall\u00e9n.<\/span><\/p>\n<p><span style=\"color: #000000;\">En el primer caso,<strong> se va a ampliar la capacidad de tratamiento de la actual planta depuradora de Alvear, lo que beneficiar\u00e1 a m\u00e1s de 26.000 habitantes, con un horizonte de proyecto de 10 a\u00f1os.<\/strong> Esta obra consiste en aumentar la capacidad de tratamiento en aproximadamente 80%, permitiendo as\u00ed la incorporaci\u00f3n de Alvear Oeste y mejorando la calidad del l\u00edquido tratado.<\/span><\/p>\n<p><span style=\"color: #000000;\">Con la ampliaci\u00f3n y refuncionalizaci\u00f3n del establecimiento depurador, se podr\u00e1n tratar 7.084,8 m3\/d\u00eda (82 litros\/segundo).<\/span><\/p>\n<p><span style=\"color: #000000;\">Por su parte, <strong>la obra de optimizaci\u00f3n del sistema de distribuci\u00f3n Gran Mendoza-Terraza Las Ca\u00f1as beneficiar\u00e1 a m\u00e1s de 35.000 habitantes de forma directa, tanto a los frentistas de las calles a renovar como a los vecinos de las zonas aleda\u00f1as.<\/strong><\/span><\/p>\n<p><span style=\"color: #000000;\">Por otra parte, ya se analizan las 10 ofertas que se presentaron para el tramo 2 de la repavimentaci\u00f3n de la Ruta 153 que conecta Santa Rosa con San Rafael y las siete ofertas para la repavimentaci\u00f3n de la Ruta provincial 171 en el tramo Monte Com\u00e1n-Real del Padre, en San Rafael.<\/span><\/p>\n","protected":false},"excerpt":{"rendered":"<p>Se trata del tramo 1 de la repavimentaci\u00f3n de la Ruta 153 y el revestimiento y modernizaci\u00f3n del canal Perrone. Adem\u00e1s, &#8230;<\/p>\n","protected":false},"author":7,"featured_media":142358,"comment_status":"open","ping_status":"open","sticky":false,"template":"","format":"standard","meta":{"footnotes":""},"categories":[5,10],"tags":[],"class_list":["post-142357","post","type-post","status-publish","format-standard","has-post-thumbnail","hentry","category-actualidad","category-destacadas"],"_links":{"self":[{"href":"https:\/\/vinasfm.com\/noticias\/wp-json\/wp\/v2\/posts\/142357","targetHints":{"allow":["GET"]}}],"collection":[{"href":"https:\/\/vinasfm.com\/noticias\/wp-json\/wp\/v2\/posts"}],"about":[{"href":"https:\/\/vinasfm.com\/noticias\/wp-json\/wp\/v2\/types\/post"}],"author":[{"embeddable":true,"href":"https:\/\/vinasfm.com\/noticias\/wp-json\/wp\/v2\/users\/7"}],"replies":[{"embeddable":true,"href":"https:\/\/vinasfm.com\/noticias\/wp-json\/wp\/v2\/comments?post=142357"}],"version-history":[{"count":1,"href":"https:\/\/vinasfm.com\/noticias\/wp-json\/wp\/v2\/posts\/142357\/revisions"}],"predecessor-version":[{"id":142359,"href":"https:\/\/vinasfm.com\/noticias\/wp-json\/wp\/v2\/posts\/142357\/revisions\/142359"}],"wp:featuredmedia":[{"embeddable":true,"href":"https:\/\/vinasfm.com\/noticias\/wp-json\/wp\/v2\/media\/142358"}],"wp:attachment":[{"href":"https:\/\/vinasfm.com\/noticias\/wp-json\/wp\/v2\/media?parent=142357"}],"wp:term":[{"taxonomy":"category","embeddable":true,"href":"https:\/\/vinasfm.com\/noticias\/wp-json\/wp\/v2\/categories?post=142357"},{"taxonomy":"post_tag","embeddable":true,"href":"https:\/\/vinasfm.com\/noticias\/wp-json\/wp\/v2\/tags?post=142357"}],"curies":[{"name":"wp","href":"https:\/\/api.w.org\/{rel}","templated":true}]}}