{"id":142314,"date":"2024-12-06T08:24:43","date_gmt":"2024-12-06T11:24:43","guid":{"rendered":"https:\/\/vinasfm.com\/noticias\/?p=142314"},"modified":"2024-12-06T12:17:41","modified_gmt":"2024-12-06T15:17:41","slug":"vendimia-2025-comienzan-las-audiciones-para-artistas","status":"publish","type":"post","link":"https:\/\/vinasfm.com\/noticias\/vendimia-2025-comienzan-las-audiciones-para-artistas\/","title":{"rendered":"VENDIMIA 2025: COMIENZAN LAS AUDICIONES PARA ARTISTAS"},"content":{"rendered":"<h4><span style=\"color: #000000;\">Bailarines, actores y m\u00fasicos deber\u00e1n consultar d\u00eda y hora que corresponde a su audici\u00f3n seg\u00fan la disciplina y categor\u00eda en la que se inscribieron.<\/span><\/h4>\n<p><span style=\"color: #000000;\">El <strong>Minist<span style=\"color: #000000;\">erio de Educaci\u00f3n, Cultura, Infancias y DGE<\/span><\/strong>, a trav\u00e9s de la <strong>Subsecretar\u00eda de Cultura<\/strong>, informa que se <strong>inicia el cronograma de audiciones de artistas aspirantes a participar en el Acto Central y Repetici\u00f3n de la Fiesta Nacional de la Vendimia 2025,<em> \u00abGuardiana del vino eterno\u00bb<\/em>.<\/strong><\/span><\/p>\n<p><span style=\"color: #000000;\">Bailarines, actores y m\u00fasicos <strong>deber\u00e1n consultar d\u00eda y hora que corresponde a su audici\u00f3n<\/strong> seg\u00fan la disciplina y categor\u00eda en la que se inscribieron.<\/span><\/p>\n<p><span style=\"color: #000000;\">Las audiciones de bailarines y m\u00fasicos se realizar\u00e1n en el Espacio Cultural Julio Le Parc, en tanto que las audiciones de actores y actrices se ser\u00e1n en el Teatro Independencia.<\/span><\/p>\n<h2><span style=\"color: #000000;\">Informaci\u00f3n importante<\/span><\/h2>\n<ul>\n<li><span style=\"color: #000000;\">Presentarse el d\u00eda de audici\u00f3n con DNI: este requisito es obligatorio y excluyente.<\/span><\/li>\n<li><span style=\"color: #000000;\">Artistas con discapacidad: presentarse el d\u00eda de audici\u00f3n con DNI y CUD (certificado \u00fanico discapacidad). Requisito obligatorio y excluyente.<\/span><\/li>\n<li><span style=\"color: #000000;\"> Actrices y actores: deben presentar el aval emitido por la Asociaci\u00f3n Argentina de Actores.<\/span><\/li>\n<li><span style=\"color: #000000;\">Acreditaciones: solo en los horarios establecidos para cada turno, sin excepci\u00f3n. Turno ma\u00f1ana o turno tarde, seg\u00fan corresponda: prestar especial atenci\u00f3n a los horarios detallados. Fuera de ese tiempo no se permitir\u00e1 el ingreso a la audici\u00f3n y no se permitir\u00e1n cambios de turno.<\/span><\/li>\n<li><span style=\"color: #000000;\">En el Teatro Independencia no se dispondr\u00e1 de espacio para guardar bicicletas y monopatines.<\/span><\/li>\n<\/ul>\n<h3><span style=\"color: #000000;\">Requisitos de vestimenta<\/span><\/h3>\n<ul>\n<li><span style=\"color: #000000;\">Requisito excluyente para audici\u00f3n folclore; folclore adultos y folclore discapacidad: vestuario negro liso de ensayo, sin inscripciones, leyendas o estampas; pa\u00f1uelo blanco, zapatos y botas, peinado recogido con rodete. No se permitir\u00e1 uso de accesorios.<\/span><\/li>\n<li><span style=\"color: #000000;\">Requisito excluyente para audici\u00f3n contempor\u00e1neo; contempor\u00e1neo adultos: vestuario negro liso, sin inscripciones,<\/span> <span style=\"color: #000000;\">leyendas o estampas; zapatillas de jazz o medias punta y peinado recogido con rodete. No se permitir\u00e1 uso de accesorios. No se admiten pies descalzos.<\/span><\/li>\n<li><span style=\"color: #000000;\">Requisitos de presentaci\u00f3n obligatoria para actrices y actores: vestuario negro liso, sin inscripciones, leyendas o estampas. No se admiten pies descalzos.<\/span><\/li>\n<\/ul>\n<h2><span style=\"color: #000000;\">Cronograma de audiciones<\/span><\/h2>\n<ul>\n<li><span style=\"color: #000000;\"><strong>Bailarines contempor\u00e1neos:<\/strong> s\u00e1bado 7 y domingo 8 de diciembre de 2024. Lugar: Espacio Julio Le Parc, Mitre y Godoy Cruz, Guaymall\u00e9n.<\/span><\/li>\n<li><span style=\"color: #000000;\"><strong>Bailarines folcl\u00f3ricos:<\/strong> s\u00e1bado 14, domingo 15, s\u00e1bado 21 y domingo 22 de diciembre de 2024. Lugar: Espacio Julio Le Parc, Mitre y Godoy Cruz, Guaymall\u00e9n.<\/span><\/li>\n<li><span style=\"color: #000000;\"><strong>M\u00fasicos:<\/strong> lunes 9, martes 10 y mi\u00e9rcoles 11 de diciembre de 2024. Lugar: Espacio Julio Le Parc, Mitre y Godoy Cruz, Guaymall\u00e9n.<\/span><\/li>\n<li><span style=\"color: #000000;\"><strong>Actores y actrices:<\/strong> domingo 22 de diciembre de 2024. Lugar: Teatro Independencia, Chile y Espejo. Ingreso por calle Espejo, Ciudad de Mendoza)<\/span><\/li>\n<\/ul>\n<h3><span style=\"color: #000000;\">Consultar listados aqu\u00ed.<\/span><\/h3>\n<p><span style=\"color: #000000;\">Por consultas e informes, comunicarse a<a href=\"http:\/\/artistasvendimia@mendoza.gov.ar.\"> artistasvendimia@mendoza.gov.ar.<\/a><\/span><\/p>\n","protected":false},"excerpt":{"rendered":"<p>Bailarines, actores y m\u00fasicos deber\u00e1n consultar d\u00eda y hora que corresponde a su audici\u00f3n seg\u00fan la disciplina y categor\u00eda en la &#8230;<\/p>\n","protected":false},"author":7,"featured_media":142315,"comment_status":"open","ping_status":"open","sticky":false,"template":"","format":"standard","meta":{"footnotes":""},"categories":[19,25],"tags":[],"class_list":["post-142314","post","type-post","status-publish","format-standard","has-post-thumbnail","hentry","category-cultura","category-vendimia"],"_links":{"self":[{"href":"https:\/\/vinasfm.com\/noticias\/wp-json\/wp\/v2\/posts\/142314","targetHints":{"allow":["GET"]}}],"collection":[{"href":"https:\/\/vinasfm.com\/noticias\/wp-json\/wp\/v2\/posts"}],"about":[{"href":"https:\/\/vinasfm.com\/noticias\/wp-json\/wp\/v2\/types\/post"}],"author":[{"embeddable":true,"href":"https:\/\/vinasfm.com\/noticias\/wp-json\/wp\/v2\/users\/7"}],"replies":[{"embeddable":true,"href":"https:\/\/vinasfm.com\/noticias\/wp-json\/wp\/v2\/comments?post=142314"}],"version-history":[{"count":1,"href":"https:\/\/vinasfm.com\/noticias\/wp-json\/wp\/v2\/posts\/142314\/revisions"}],"predecessor-version":[{"id":142316,"href":"https:\/\/vinasfm.com\/noticias\/wp-json\/wp\/v2\/posts\/142314\/revisions\/142316"}],"wp:featuredmedia":[{"embeddable":true,"href":"https:\/\/vinasfm.com\/noticias\/wp-json\/wp\/v2\/media\/142315"}],"wp:attachment":[{"href":"https:\/\/vinasfm.com\/noticias\/wp-json\/wp\/v2\/media?parent=142314"}],"wp:term":[{"taxonomy":"category","embeddable":true,"href":"https:\/\/vinasfm.com\/noticias\/wp-json\/wp\/v2\/categories?post=142314"},{"taxonomy":"post_tag","embeddable":true,"href":"https:\/\/vinasfm.com\/noticias\/wp-json\/wp\/v2\/tags?post=142314"}],"curies":[{"name":"wp","href":"https:\/\/api.w.org\/{rel}","templated":true}]}}