{"id":142286,"date":"2024-12-05T10:04:31","date_gmt":"2024-12-05T13:04:31","guid":{"rendered":"https:\/\/vinasfm.com\/noticias\/?p=142286"},"modified":"2024-12-06T10:29:25","modified_gmt":"2024-12-06T13:29:25","slug":"robaron-una-bicicle-en-pleno-centro-alvearense","status":"publish","type":"post","link":"https:\/\/vinasfm.com\/noticias\/robaron-una-bicicle-en-pleno-centro-alvearense\/","title":{"rendered":"ROBARON UNA BICICLETA EN PLENO CENTRO ALVEARENSE"},"content":{"rendered":"<p><strong>Un nuevo hecho delictivo se registr\u00f3 en la tarde-noche del mi\u00e9rcoles. Alrededor de las 19:00 horas, un joven de 29 a\u00f1os denunci\u00f3 el robo de su bicicleta en la intersecci\u00f3n de Avenida Alvear Este y Triunvirato.<\/strong><\/p>\n<p style=\"font-weight: 400;\">Seg\u00fan el relato de la v\u00edctima, un joven de 29 a\u00f1os identificado como J.T., <strong>dej\u00f3 su bicicleta estacionada en la vereda de un local de reparaci\u00f3n de bicicletas y al regresar unos minutos despu\u00e9s se percat\u00f3 de que el rodado hab\u00eda sido sustra\u00eddo.<\/strong><\/p>\n<p style=\"font-weight: 400;\">Las autoridades policiales ya<strong> se encuentran trabajando en el caso y han iniciado las investigaciones correspondientes para dar con el paradero de la bicicleta robada.<\/strong> Se recomienda a la comunidad a estar alerta y denunciar cualquier hecho sospechoso.<\/p>\n","protected":false},"excerpt":{"rendered":"<p>Un nuevo hecho delictivo se registr\u00f3 en la tarde-noche del mi\u00e9rcoles. Alrededor de las 19:00 horas, un joven de 29 a\u00f1os &#8230;<\/p>\n","protected":false},"author":7,"featured_media":142289,"comment_status":"open","ping_status":"open","sticky":false,"template":"","format":"standard","meta":{"footnotes":""},"categories":[201,4],"tags":[],"class_list":["post-142286","post","type-post","status-publish","format-standard","has-post-thumbnail","hentry","category-inseguridad","category-policiales"],"_links":{"self":[{"href":"https:\/\/vinasfm.com\/noticias\/wp-json\/wp\/v2\/posts\/142286","targetHints":{"allow":["GET"]}}],"collection":[{"href":"https:\/\/vinasfm.com\/noticias\/wp-json\/wp\/v2\/posts"}],"about":[{"href":"https:\/\/vinasfm.com\/noticias\/wp-json\/wp\/v2\/types\/post"}],"author":[{"embeddable":true,"href":"https:\/\/vinasfm.com\/noticias\/wp-json\/wp\/v2\/users\/7"}],"replies":[{"embeddable":true,"href":"https:\/\/vinasfm.com\/noticias\/wp-json\/wp\/v2\/comments?post=142286"}],"version-history":[{"count":4,"href":"https:\/\/vinasfm.com\/noticias\/wp-json\/wp\/v2\/posts\/142286\/revisions"}],"predecessor-version":[{"id":142292,"href":"https:\/\/vinasfm.com\/noticias\/wp-json\/wp\/v2\/posts\/142286\/revisions\/142292"}],"wp:featuredmedia":[{"embeddable":true,"href":"https:\/\/vinasfm.com\/noticias\/wp-json\/wp\/v2\/media\/142289"}],"wp:attachment":[{"href":"https:\/\/vinasfm.com\/noticias\/wp-json\/wp\/v2\/media?parent=142286"}],"wp:term":[{"taxonomy":"category","embeddable":true,"href":"https:\/\/vinasfm.com\/noticias\/wp-json\/wp\/v2\/categories?post=142286"},{"taxonomy":"post_tag","embeddable":true,"href":"https:\/\/vinasfm.com\/noticias\/wp-json\/wp\/v2\/tags?post=142286"}],"curies":[{"name":"wp","href":"https:\/\/api.w.org\/{rel}","templated":true}]}}