{"id":142273,"date":"2024-12-05T09:19:32","date_gmt":"2024-12-05T12:19:32","guid":{"rendered":"https:\/\/vinasfm.com\/noticias\/?p=142273"},"modified":"2024-12-06T10:30:10","modified_gmt":"2024-12-06T13:30:10","slug":"20-nuevos-cadetes-auxiliares-de-policia-se-egresaron-en-la-sede-del-iusp-de-general-alvear","status":"publish","type":"post","link":"https:\/\/vinasfm.com\/noticias\/20-nuevos-cadetes-auxiliares-de-policia-se-egresaron-en-la-sede-del-iusp-de-general-alvear\/","title":{"rendered":"20 NUEVOS CADETES AUXILIARES DE POLIC\u00cdA SE EGRESARON EN LA SEDE DEL IUSP DE GENERAL ALVEAR"},"content":{"rendered":"<h4><span style=\"color: #000000;\">La graduaci\u00f3n de estos nuevos cadetes marca un hito importante para el Municipio y reafirma el compromiso con la seguridad de la ciudadan\u00eda.<\/span><\/h4>\n<p><span style=\"color: #000000;\">En la ma\u00f1ana del mi\u00e9rcoles se llev\u00f3 a cabo la ceremonia de egreso del curso N\u00b0 207 de Formaci\u00f3n B\u00e1sica Profesional del Instituto Universitario de Seguridad P\u00fablica. De ese modo, 20 nuevos cadetes auxiliares de polic\u00eda egresaron en General Alvear.<\/span><\/p>\n<p><span style=\"color: #000000;\">Presente en la ceremonia, el<span style=\"color: #003366;\"><strong> Sr. Intendente Alejandro Molero<\/strong><\/span> celebr\u00f3 la jornada como <em><strong>\u201cun d\u00eda de orgullo para General Alvear\u201d<\/strong><\/em>, destacando que <strong><em>\u201cver a estos j\u00f3venes comprometidos con su comunidad es una muestra de que estamos en el camino correcto. Desde el primer d\u00eda de mi gesti\u00f3n, he sido un firme defensor de este instituto y de la formaci\u00f3n de nuestros futuros polic\u00edas\u201d.<\/em><\/strong><\/span><\/p>\n<p><span style=\"color: #000000;\">En di\u00e1logo con <span style=\"color: #800080;\"><strong>FM VI\u00d1AS<\/strong><\/span>, el Mandatario resalt\u00f3 que la formaci\u00f3n de cadetes en General Alvear no solo brinda oportunidades laborales a los j\u00f3venes, sino que tambi\u00e9n fortalece la seguridad local. <strong><em>\u00abQueremos que nuestros polic\u00edas sean hijos de esta tierra, que conozcan a su gente y se sientan identificados con nuestra comunidad\u00bb<\/em><\/strong>, expres\u00f3 Molero.<\/span><\/p>\n<p><span style=\"color: #000000;\">En ese contexto, el Jefe Comunal record\u00f3 la importante inversi\u00f3n que el Municipio realiza en el<strong> Instituto Universitario de Seguridad P\u00fablica<\/strong>, incluyendo la mejora de infraestructura y la implementaci\u00f3n de becas para los cadetes. <em><strong>\u201cEs fundamental que todos los j\u00f3venes tengan la oportunidad de estudiar y convertirse en polic\u00edas, sin importar sus recursos econ\u00f3micos<\/strong><\/em>\u201d, asegur\u00f3.<\/span><\/p>\n<p><span style=\"color: #000000;\">Por su parte, el<em> Director del IUSP<\/em>, <span style=\"color: #003366;\"><strong>Lic. Alberto Rivero<\/strong><\/span>, destac\u00f3 la importancia de esta nueva camada de agentes para fortalecer la seguridad en la regi\u00f3n.<\/span><span style=\"color: #000000;\"><em><strong>\u00abEstamos muy contentos con los resultados obtenidos en este curso\u00bb<\/strong><\/em>, afirm\u00f3 Rivero. <strong><em>\u00abEstos j\u00f3venes han demostrado un gran compromiso y dedicaci\u00f3n durante su formaci\u00f3n, y estamos seguros de que ser\u00e1n excelentes polic\u00edas\u00bb.<\/em><\/strong><\/span><\/p>\n<p><span style=\"color: #000000;\">El director del IUSP resalt\u00f3 la rigurosidad del proceso de selecci\u00f3n y formaci\u00f3n de los cadetes, asegurando que se busca garantizar que los futuros agentes cuenten con los perfiles adecuados para desempe\u00f1ar una funci\u00f3n tan importante como la policial.<\/span><\/p>\n<p><span style=\"color: #000000;\">Es importante mencionar que los nuevos cadetes ya iniciaron los tr\u00e1mites para su nombramiento como personal policial y se espera que sean destinados a diferentes localidades de la provincia, priorizando siempre la cercan\u00eda a sus domicilios.<\/span><\/p>\n<p><span style=\"color: #000000;\"><em><strong>\u00abEstamos trabajando para que un n\u00famero significativo de estos nuevos agentes puedan desempe\u00f1ar sus funciones en General Alvear\u00bb<\/strong><\/em>, asegur\u00f3 Rivero. <em><strong>\u00abEs importante contar con polic\u00edas locales que conozcan la realidad de su comunidad y puedan brindar un servicio m\u00e1s cercano y efectivo\u00bb<\/strong><\/em>, culmin\u00f3.<\/span><\/p>\n","protected":false},"excerpt":{"rendered":"<p>La graduaci\u00f3n de estos nuevos cadetes marca un hito importante para el Municipio y reafirma el compromiso con la seguridad de &#8230;<\/p>\n","protected":false},"author":7,"featured_media":142275,"comment_status":"open","ping_status":"open","sticky":false,"template":"","format":"standard","meta":{"footnotes":""},"categories":[10,33],"tags":[],"class_list":["post-142273","post","type-post","status-publish","format-standard","has-post-thumbnail","hentry","category-destacadas","category-seguridad"],"_links":{"self":[{"href":"https:\/\/vinasfm.com\/noticias\/wp-json\/wp\/v2\/posts\/142273","targetHints":{"allow":["GET"]}}],"collection":[{"href":"https:\/\/vinasfm.com\/noticias\/wp-json\/wp\/v2\/posts"}],"about":[{"href":"https:\/\/vinasfm.com\/noticias\/wp-json\/wp\/v2\/types\/post"}],"author":[{"embeddable":true,"href":"https:\/\/vinasfm.com\/noticias\/wp-json\/wp\/v2\/users\/7"}],"replies":[{"embeddable":true,"href":"https:\/\/vinasfm.com\/noticias\/wp-json\/wp\/v2\/comments?post=142273"}],"version-history":[{"count":2,"href":"https:\/\/vinasfm.com\/noticias\/wp-json\/wp\/v2\/posts\/142273\/revisions"}],"predecessor-version":[{"id":142276,"href":"https:\/\/vinasfm.com\/noticias\/wp-json\/wp\/v2\/posts\/142273\/revisions\/142276"}],"wp:featuredmedia":[{"embeddable":true,"href":"https:\/\/vinasfm.com\/noticias\/wp-json\/wp\/v2\/media\/142275"}],"wp:attachment":[{"href":"https:\/\/vinasfm.com\/noticias\/wp-json\/wp\/v2\/media?parent=142273"}],"wp:term":[{"taxonomy":"category","embeddable":true,"href":"https:\/\/vinasfm.com\/noticias\/wp-json\/wp\/v2\/categories?post=142273"},{"taxonomy":"post_tag","embeddable":true,"href":"https:\/\/vinasfm.com\/noticias\/wp-json\/wp\/v2\/tags?post=142273"}],"curies":[{"name":"wp","href":"https:\/\/api.w.org\/{rel}","templated":true}]}}