{"id":142247,"date":"2024-12-04T10:22:55","date_gmt":"2024-12-04T13:22:55","guid":{"rendered":"https:\/\/vinasfm.com\/noticias\/?p=142247"},"modified":"2024-12-05T10:07:31","modified_gmt":"2024-12-05T13:07:31","slug":"salud-ya-hay-7-casos-de-dengue-en-mendoza","status":"publish","type":"post","link":"https:\/\/vinasfm.com\/noticias\/salud-ya-hay-7-casos-de-dengue-en-mendoza\/","title":{"rendered":"SALUD: YA HAY 7 CASOS DE DENGUE EN MENDOZA"},"content":{"rendered":"<h4><span style=\"color: #000000;\">Todos han sido detectados en los departamentos del Gran Mendoza, siendo Guaymall\u00e9n y Luj\u00e1n de Cuyo los m\u00e1s afectados. \u201cEstamos en etapa preparaci\u00f3n, todav\u00eda no estamos en alerta temprana\u201d, advirtieron desde el Gobierno.<\/span><\/h4>\n<p><span style=\"color: #000000;\">A diferencia del a\u00f1o pasado, en el que los\u00a0<strong>casos de dengue<\/strong>\u00a0arrancaron en diciembre, esta vez los contagios se anticiparon y de acuerdo con lo reportado en el Bolet\u00edn Epidemiol\u00f3gico, dado a conocer por el Ministerio de Salud de Mendoza, durante la \u00faltima temporada\u00a0<strong>se han registrado siete casos.<\/strong><\/span><\/p>\n<p><span style=\"color: #000000;\"><em>\u201cDurante la temporada 2024-2025, es decir desde el inicio de la semana 31 hasta la 47, registradas entre fines de julio y fines de noviembre,\u00a0<strong>se han notificado 508 casos sospechosos<\/strong>\u201c<\/em>, indica el reporte y agrega que a la fecha hay en Mendoza siete casos confirmados (cinco aut\u00f3ctonos y dos importados).<\/span><\/p>\n<p><span style=\"color: #000000;\">Seg\u00fan los datos oficiales,\u00a0<strong>los casos confirmados se registraron en<\/strong>:<\/span><\/p>\n<ul class=\"wp-block-list\">\n<li><span style=\"color: #000000;\">Guaymall\u00e9n (2).<\/span><\/li>\n<li><span style=\"color: #000000;\">Luj\u00e1n de Cuyo (2).<\/span><\/li>\n<li><span style=\"color: #000000;\">Godoy Cruz (1).<\/span><\/li>\n<li><span style=\"color: #000000;\">Ciudad (1).<\/span><\/li>\n<li><span style=\"color: #000000;\">Maip\u00fa (1).<\/span><\/li>\n<\/ul>\n<p><span style=\"color: #000000;\"><img decoding=\"async\" src=\"https:\/\/i0.wp.com\/newspack-elsol.s3.amazonaws.com\/wp-content\/uploads\/2024\/12\/dengue-en-mendoza.png?resize=780%2C593&amp;ssl=1\" \/><\/span><\/p>\n<p><span style=\"color: #000000;\">En consonancia con el adelantamiento de la detecci\u00f3n de casos, desde los efectores p\u00fablicos y privados advirtieron, adem\u00e1s, que\u00a0<strong>creci\u00f3 el n\u00famero de consultas.<\/strong>\u00a0Tanto adultos como ni\u00f1os llegan a los nosocomios con diferentes s\u00edntomas propios de la enfermedad.<\/span><\/p>\n<p><span style=\"color: #000000;\"><em>\u201cEstamos en etapa preparaci\u00f3n, todav\u00eda no estamos en alerta temprana\u201d<\/em>, admiti\u00f3\u00a0<strong>Andrea Falaschi<\/strong>, directora general de Epidemiolog\u00eda de Mendoza.\u00a0<em>\u201cLuego de tres semanas de casos sostenidos por regi\u00f3n o departamento, ah\u00ed pasamos a alerta temprana y luego evolucionamos a brote. Reci\u00e9n ah\u00ed se pueden confirmar casos por criterios cl\u00ednicos o epidemiol\u00f3gicos\u201d<\/em>, agreg\u00f3.<\/span><\/p>\n<p><span style=\"color: #000000;\">En comparaci\u00f3n al a\u00f1o pasado, la funcionaria aclar\u00f3 que \u201c<em>estamos teniendo m\u00e1s notificaci\u00f3n y sospecha. Al ser ya la segunda temporada, la gente est\u00e1 m\u00e1s acostumbrada\u201d.<\/em><\/span><\/p>\n","protected":false},"excerpt":{"rendered":"<p>Todos han sido detectados en los departamentos del Gran Mendoza, siendo Guaymall\u00e9n y Luj\u00e1n de Cuyo los m\u00e1s afectados. \u201cEstamos en &#8230;<\/p>\n","protected":false},"author":7,"featured_media":133340,"comment_status":"open","ping_status":"open","sticky":false,"template":"","format":"standard","meta":{"footnotes":""},"categories":[15,11],"tags":[],"class_list":["post-142247","post","type-post","status-publish","format-standard","has-post-thumbnail","hentry","category-salud","category-sociales"],"_links":{"self":[{"href":"https:\/\/vinasfm.com\/noticias\/wp-json\/wp\/v2\/posts\/142247","targetHints":{"allow":["GET"]}}],"collection":[{"href":"https:\/\/vinasfm.com\/noticias\/wp-json\/wp\/v2\/posts"}],"about":[{"href":"https:\/\/vinasfm.com\/noticias\/wp-json\/wp\/v2\/types\/post"}],"author":[{"embeddable":true,"href":"https:\/\/vinasfm.com\/noticias\/wp-json\/wp\/v2\/users\/7"}],"replies":[{"embeddable":true,"href":"https:\/\/vinasfm.com\/noticias\/wp-json\/wp\/v2\/comments?post=142247"}],"version-history":[{"count":1,"href":"https:\/\/vinasfm.com\/noticias\/wp-json\/wp\/v2\/posts\/142247\/revisions"}],"predecessor-version":[{"id":142248,"href":"https:\/\/vinasfm.com\/noticias\/wp-json\/wp\/v2\/posts\/142247\/revisions\/142248"}],"wp:featuredmedia":[{"embeddable":true,"href":"https:\/\/vinasfm.com\/noticias\/wp-json\/wp\/v2\/media\/133340"}],"wp:attachment":[{"href":"https:\/\/vinasfm.com\/noticias\/wp-json\/wp\/v2\/media?parent=142247"}],"wp:term":[{"taxonomy":"category","embeddable":true,"href":"https:\/\/vinasfm.com\/noticias\/wp-json\/wp\/v2\/categories?post=142247"},{"taxonomy":"post_tag","embeddable":true,"href":"https:\/\/vinasfm.com\/noticias\/wp-json\/wp\/v2\/tags?post=142247"}],"curies":[{"name":"wp","href":"https:\/\/api.w.org\/{rel}","templated":true}]}}