{"id":142220,"date":"2024-12-04T08:11:45","date_gmt":"2024-12-04T11:11:45","guid":{"rendered":"https:\/\/vinasfm.com\/noticias\/?p=142220"},"modified":"2024-12-05T08:26:08","modified_gmt":"2024-12-05T11:26:08","slug":"la-policia-de-mendoza-detuvo-a-cuatro-personas-y-esclarecio-dos-robos-en-general-alvear","status":"publish","type":"post","link":"https:\/\/vinasfm.com\/noticias\/la-policia-de-mendoza-detuvo-a-cuatro-personas-y-esclarecio-dos-robos-en-general-alvear\/","title":{"rendered":"LA POLIC\u00cdA DE MENDOZA DETUVO A CUATRO PERSONAS Y ESCLARECI\u00d3 DOS ROBOS EN GENERAL ALVEAR"},"content":{"rendered":"<h4><span style=\"color: #000000;\">La intervenci\u00f3n policial permiti\u00f3 recuperar bienes robados. Los detenidos ya enfrentan procesos judiciales por los casos esclarecidos.<\/span><\/h4>\n<p><span style=\"color: #000000;\">Gracias a un r\u00e1pido despliegue, efectivos de la <strong>Polic\u00eda de Mendoza<\/strong> lograron la detenci\u00f3n de<strong> cuatro hombres que hab\u00edan robado en una vivienda de General Alvear.<\/strong> Este operativo permiti\u00f3 recuperar los bienes sustra\u00eddos y tambi\u00e9n esclareci\u00f3 otros dos delitos previos en la zona.<\/span><\/p>\n<p><span style=\"color: #000000;\">El hecho se inici\u00f3 cuando la v\u00edctima, residente de una vivienda ubicada en la intersecci\u00f3n de dos rutas del departamento, <strong>detect\u00f3 la presencia sospechosa de un veh\u00edculo utilitario con chapas en el techo. Al corroborar que estos materiales eran de su propiedad, dio aviso inmediato a las autoridades.<\/strong><\/span><\/p>\n<p><span style=\"color: #000000;\">Con esta informaci\u00f3n, el <strong>personal de la Comisar\u00eda 26 despleg\u00f3 un patrullaje en la zona e intercept\u00f3 al veh\u00edculo junto con cuatro implicados.<\/strong> Durante las investigaciones, <strong>se comprob\u00f3 que uno de los detenidos ten\u00eda un pedido de captura activo por un robo en San Rafael, mientras que dos de ellos hab\u00edan participado en el robo a una ferreter\u00eda en General Alvear.<\/strong><\/span><\/p>\n","protected":false},"excerpt":{"rendered":"<p>La intervenci\u00f3n policial permiti\u00f3 recuperar bienes robados. Los detenidos ya enfrentan procesos judiciales por los casos esclarecidos. Gracias a un r\u00e1pido &#8230;<\/p>\n","protected":false},"author":7,"featured_media":142222,"comment_status":"open","ping_status":"open","sticky":false,"template":"","format":"standard","meta":{"footnotes":""},"categories":[4,33],"tags":[],"class_list":["post-142220","post","type-post","status-publish","format-standard","has-post-thumbnail","hentry","category-policiales","category-seguridad"],"_links":{"self":[{"href":"https:\/\/vinasfm.com\/noticias\/wp-json\/wp\/v2\/posts\/142220","targetHints":{"allow":["GET"]}}],"collection":[{"href":"https:\/\/vinasfm.com\/noticias\/wp-json\/wp\/v2\/posts"}],"about":[{"href":"https:\/\/vinasfm.com\/noticias\/wp-json\/wp\/v2\/types\/post"}],"author":[{"embeddable":true,"href":"https:\/\/vinasfm.com\/noticias\/wp-json\/wp\/v2\/users\/7"}],"replies":[{"embeddable":true,"href":"https:\/\/vinasfm.com\/noticias\/wp-json\/wp\/v2\/comments?post=142220"}],"version-history":[{"count":1,"href":"https:\/\/vinasfm.com\/noticias\/wp-json\/wp\/v2\/posts\/142220\/revisions"}],"predecessor-version":[{"id":142223,"href":"https:\/\/vinasfm.com\/noticias\/wp-json\/wp\/v2\/posts\/142220\/revisions\/142223"}],"wp:featuredmedia":[{"embeddable":true,"href":"https:\/\/vinasfm.com\/noticias\/wp-json\/wp\/v2\/media\/142222"}],"wp:attachment":[{"href":"https:\/\/vinasfm.com\/noticias\/wp-json\/wp\/v2\/media?parent=142220"}],"wp:term":[{"taxonomy":"category","embeddable":true,"href":"https:\/\/vinasfm.com\/noticias\/wp-json\/wp\/v2\/categories?post=142220"},{"taxonomy":"post_tag","embeddable":true,"href":"https:\/\/vinasfm.com\/noticias\/wp-json\/wp\/v2\/tags?post=142220"}],"curies":[{"name":"wp","href":"https:\/\/api.w.org\/{rel}","templated":true}]}}