{"id":142219,"date":"2024-12-04T08:30:28","date_gmt":"2024-12-04T11:30:28","guid":{"rendered":"https:\/\/vinasfm.com\/noticias\/?p=142219"},"modified":"2024-12-05T08:25:49","modified_gmt":"2024-12-05T11:25:49","slug":"extension-aulica-presentaron-oficialmente-la-licenciatura-y-profesorado-en-educacion-fisica-en-alvear","status":"publish","type":"post","link":"https:\/\/vinasfm.com\/noticias\/extension-aulica-presentaron-oficialmente-la-licenciatura-y-profesorado-en-educacion-fisica-en-alvear\/","title":{"rendered":"EXTENSI\u00d3N \u00c1ULICA: PRESENTARON OFICIALMENTE LA LICENCIATURA Y PROFESORADO EN EDUCACI\u00d3N F\u00cdSICA EN ALVEAR"},"content":{"rendered":"<h4><span style=\"color: #000000;\">El polideportivo Deportistas Alvearenses fue el escenario de la presentaci\u00f3n oficial de la Carrera de Profesorado en Educaci\u00f3n F\u00edsica, un evento que reuni\u00f3 a autoridades de la Universidad Maza y al intendente Alejandro Molero, quien se mostr\u00f3 entusiasta por la incorporaci\u00f3n de nuevas carreras de grado en General Alvear. <\/span><\/h4>\n<p><span style=\"color: #000000;\"><em>Este paso se suma a la reciente presentaci\u00f3n de la licenciatura en Enfermer\u00eda, destacando un compromiso por diversificar la oferta educativa en la regi\u00f3n.<\/em><\/span><\/p>\n<p><span style=\"color: #000000;\">El <span style=\"color: #003366;\"><strong>Sr. Intendente Alejandro Molero<\/strong><\/span> celebr\u00f3 esta iniciativa como un avance significativo para la capacitaci\u00f3n de los j\u00f3venes del departamento, subrayando que estas nuevas carreras no solo benefician a los estudiantes locales, sino que tambi\u00e9n fortalecen la relaci\u00f3n entre la<strong> Universidad Juan Agust\u00edn Maza<\/strong> y el<strong> Municipio<\/strong>. <em><strong>\u00abEste avance es visto como un impulso para la capacitaci\u00f3n de los j\u00f3venes del departamento y un fortalecimiento de la relaci\u00f3n entre la Universidad Maza y el municipio\u00bb<\/strong><\/em>, afirm\u00f3.<\/span><\/p>\n<p><span style=\"color: #000000;\">La llegada del<strong><a href=\"https:\/\/www.umaza.edu.ar\/landings\/educacionfisicagralalvear\"> Profesorado y la Licenciatura en Educaci\u00f3n F\u00edsica<\/a> representa una oportunidad valiosa para las familias alvearenses, ya que reduce los costos log\u00edsticos asociados a estudios fuera del departamento.<\/strong> Adem\u00e1s, se espera que estas carreras atraigan a estudiantes de otras localidades cercanas, generando un ambiente educativo m\u00e1s din\u00e1mico y diverso.<\/span><\/p>\n<p><span style=\"color: #000000;\"><span style=\"color: #003366;\"><strong>Daniel Miranda<\/strong><\/span>, <em>rector de la Universidad Maz<\/em>a, tambi\u00e9n comparti\u00f3 sus perspectivas sobre este nuevo programa educativo. <strong>Destac\u00f3 que la universidad tiene el deber de acercarse a comunidades fuera del Gran Mendoza y que recientemente han inaugurado una extensi\u00f3n \u00e1ulica en General Alvear como parte de su proceso de regionalizaci\u00f3n.<\/strong> La carrera de Educaci\u00f3n F\u00edsica se ofrecer\u00e1 en modalidad h\u00edbrida (presencial y virtual), facilitando as\u00ed el acceso a los j\u00f3venes de la regi\u00f3n.<\/span><\/p>\n<p><span style=\"color: #000000;\">La importancia de formar profesionales en educaci\u00f3n f\u00edsica es cada vez m\u00e1s relevante, dado el amplio campo laboral que ofrece esta disciplina. El rector enfatiz\u00f3 que \u00abhay una gran necesidad\u00bb por parte de los j\u00f3venes interesados en esta carrera, lo cual refleja no solo una demanda educativa, sino tambi\u00e9n un crecimiento en las vocaciones vinculadas al deporte y la salud.<\/span><\/p>\n<p><span style=\"color: #000000;\">Adem\u00e1s, el Miranda mencion\u00f3 los planes futuros de la universidad para seguir expandiendo su oferta acad\u00e9mica y mejorar el seguimiento de la empleabilidad de sus graduados. <em><strong>\u00abPara nosotros es un d\u00eda de fiesta, porque General Alvear <span style=\"color: #000000;\">era el \u00fanico lugar donde ten\u00edamos que estar\u00bb<\/span><\/strong><\/em>, concluy\u00f3, resaltando as\u00ed el compromiso institucional con el desarrollo educativo local.<\/span><\/p>\n<p><span style=\"color: #000000;\"><span style=\"color: #003366;\"><strong>Lorena Zapata<\/strong><\/span>, <em>directora del Profesorado de Educaci\u00f3n F\u00edsica<\/em>, celebr\u00f3 la inauguraci\u00f3n de la extensi\u00f3n \u00e1ulica de General Alvear de la Universidad Juan Agust\u00edn Maza. <strong>Este hito representa un paso significativo en la expansi\u00f3n de la educaci\u00f3n superior en la regi\u00f3n, acercando la carrera de Educaci\u00f3n F\u00edsica a la comunidad local. <\/strong>La directora enfatiz\u00f3 que esta extensi\u00f3n \u00e1ulica no es solo una oferta acad\u00e9mica, sino un puente hacia el desarrollo integral de la comunidad. <strong><em>\u00abEs una herramienta transformadora para las juventudes y un motor de progreso para General Alvear\u00bb<\/em><\/strong>, afirm\u00f3.<\/span><\/p>\n<p><span style=\"color: #000000;\">Con estos avances, se espera que m\u00e1s j\u00f3venes puedan acceder a una formaci\u00f3n profesional integral sin tener que desplazarse lejos de su hogar.<\/span><\/p>\n","protected":false},"excerpt":{"rendered":"<p>El polideportivo Deportistas Alvearenses fue el escenario de la presentaci\u00f3n oficial de la Carrera de Profesorado en Educaci\u00f3n F\u00edsica, un evento &#8230;<\/p>\n","protected":false},"author":7,"featured_media":142226,"comment_status":"open","ping_status":"open","sticky":false,"template":"","format":"standard","meta":{"footnotes":""},"categories":[10,18],"tags":[],"class_list":["post-142219","post","type-post","status-publish","format-standard","has-post-thumbnail","hentry","category-destacadas","category-educacion"],"_links":{"self":[{"href":"https:\/\/vinasfm.com\/noticias\/wp-json\/wp\/v2\/posts\/142219","targetHints":{"allow":["GET"]}}],"collection":[{"href":"https:\/\/vinasfm.com\/noticias\/wp-json\/wp\/v2\/posts"}],"about":[{"href":"https:\/\/vinasfm.com\/noticias\/wp-json\/wp\/v2\/types\/post"}],"author":[{"embeddable":true,"href":"https:\/\/vinasfm.com\/noticias\/wp-json\/wp\/v2\/users\/7"}],"replies":[{"embeddable":true,"href":"https:\/\/vinasfm.com\/noticias\/wp-json\/wp\/v2\/comments?post=142219"}],"version-history":[{"count":4,"href":"https:\/\/vinasfm.com\/noticias\/wp-json\/wp\/v2\/posts\/142219\/revisions"}],"predecessor-version":[{"id":142227,"href":"https:\/\/vinasfm.com\/noticias\/wp-json\/wp\/v2\/posts\/142219\/revisions\/142227"}],"wp:featuredmedia":[{"embeddable":true,"href":"https:\/\/vinasfm.com\/noticias\/wp-json\/wp\/v2\/media\/142226"}],"wp:attachment":[{"href":"https:\/\/vinasfm.com\/noticias\/wp-json\/wp\/v2\/media?parent=142219"}],"wp:term":[{"taxonomy":"category","embeddable":true,"href":"https:\/\/vinasfm.com\/noticias\/wp-json\/wp\/v2\/categories?post=142219"},{"taxonomy":"post_tag","embeddable":true,"href":"https:\/\/vinasfm.com\/noticias\/wp-json\/wp\/v2\/tags?post=142219"}],"curies":[{"name":"wp","href":"https:\/\/api.w.org\/{rel}","templated":true}]}}