{"id":142214,"date":"2024-12-03T18:45:13","date_gmt":"2024-12-03T21:45:13","guid":{"rendered":"https:\/\/vinasfm.com\/noticias\/?p=142214"},"modified":"2024-12-03T18:45:13","modified_gmt":"2024-12-03T21:45:13","slug":"cumbre-de-intendentes-molero-sostuvo-que-ira-con-expectativas-porque-hay-un-nuevo-escenario","status":"publish","type":"post","link":"https:\/\/vinasfm.com\/noticias\/cumbre-de-intendentes-molero-sostuvo-que-ira-con-expectativas-porque-hay-un-nuevo-escenario\/","title":{"rendered":"CUMBRE DE INTENDENTES: MOLERO SOSTUVO QUE IR\u00c1 CON EXPECTATIVAS PORQUE \u00abHAY UN NUEVO ESCENARIO\u00bb"},"content":{"rendered":"<h4>El pr\u00f3ximo jueves 5 de diciembre los intendentes de los municipios mendocinos se reunir\u00e1n en el Congreso Municipal convocado por el Gobierno de Alfredo Cornejo.<\/h4>\n<p>El<span style=\"color: #003366;\"><strong> Sr. Intendente Alejandro Molero<\/strong><\/span>, adelant\u00f3 que participar\u00e1 activamente del pr\u00f3ximo Congreso de Intendentes con el objetivo de plantear la necesidad de una mayor equidad en la distribuci\u00f3n de los recursos provinciales.<\/p>\n<p>En di\u00e1logo con <span style=\"color: #800080;\"><strong>FM VI\u00d1AS<\/strong><\/span>, Molero expres\u00f3 su preocupaci\u00f3n por la situaci\u00f3n actual de los departamentos mendocinos, especialmente aquellos con menor densidad poblacional. Seg\u00fan el Mandatario, la f\u00f3rmula actual de Coparticipaci\u00f3n f<strong>avorece desproporcionadamente a los municipios del Gran Mendoza, dejando en desventaja a localidades como General Alvear que requieren mayores inversiones en infraestructura y servicios b\u00e1sicos.<\/strong><\/p>\n<p><strong><em>\u00abNecesitamos una mirada federal que incline la balanza del desarrollo hacia los departamentos que necesitamos desarrollarnos\u00bb,<\/em><\/strong> afirm\u00f3 Molero. En ese contexto, el Jefe Comunal puso como ejemplo la dificultad de<strong> brindar servicios eficientes en municipios extensos como General Alvear, donde la recolecci\u00f3n de residuos y el mantenimiento de caminos demandan mayores recursos.<\/strong><\/p>\n<p>Molero destac\u00f3 la importancia de <strong>trabajar en conjunto con otros intendentes del interior para lograr un mayor peso pol\u00edtico<\/strong> y as\u00ed poder incidir en las decisiones del gobierno provincial. <em><strong>\u00abLa agencia de desarrollo del Sur de Mendoza, con los tres intendentes trabajando juntos, es una voz fuerte. A la voz de los tres individualmente creo que se une la fuerza que nos puede dar pelear cosas en conjunto\u00bb<\/strong><\/em>, asegur\u00f3.<\/p>\n<p>Entre los principales reclamos de Molero se encuentra la necesidad de aumentar el porcentaje de Coparticipaci\u00f3n Municipal y de dise\u00f1ar pol\u00edticas p\u00fablicas que tengan en cuenta las particularidades de cada regi\u00f3n.<\/p>\n<p>El intendente se mostr\u00f3 optimista respecto a las posibilidades de lograr avances en este sentido y asegur\u00f3 que seguir\u00e1 trabajando incansablemente para mejorar la calidad de vida de los vecinos de General Alvear.<\/p>\n","protected":false},"excerpt":{"rendered":"<p>El pr\u00f3ximo jueves 5 de diciembre los intendentes de los municipios mendocinos se reunir\u00e1n en el Congreso Municipal convocado por el &#8230;<\/p>\n","protected":false},"author":7,"featured_media":142218,"comment_status":"open","ping_status":"open","sticky":false,"template":"","format":"standard","meta":{"footnotes":""},"categories":[1],"tags":[],"class_list":["post-142214","post","type-post","status-publish","format-standard","has-post-thumbnail","hentry","category-fmvinas"],"_links":{"self":[{"href":"https:\/\/vinasfm.com\/noticias\/wp-json\/wp\/v2\/posts\/142214","targetHints":{"allow":["GET"]}}],"collection":[{"href":"https:\/\/vinasfm.com\/noticias\/wp-json\/wp\/v2\/posts"}],"about":[{"href":"https:\/\/vinasfm.com\/noticias\/wp-json\/wp\/v2\/types\/post"}],"author":[{"embeddable":true,"href":"https:\/\/vinasfm.com\/noticias\/wp-json\/wp\/v2\/users\/7"}],"replies":[{"embeddable":true,"href":"https:\/\/vinasfm.com\/noticias\/wp-json\/wp\/v2\/comments?post=142214"}],"version-history":[{"count":3,"href":"https:\/\/vinasfm.com\/noticias\/wp-json\/wp\/v2\/posts\/142214\/revisions"}],"predecessor-version":[{"id":142217,"href":"https:\/\/vinasfm.com\/noticias\/wp-json\/wp\/v2\/posts\/142214\/revisions\/142217"}],"wp:featuredmedia":[{"embeddable":true,"href":"https:\/\/vinasfm.com\/noticias\/wp-json\/wp\/v2\/media\/142218"}],"wp:attachment":[{"href":"https:\/\/vinasfm.com\/noticias\/wp-json\/wp\/v2\/media?parent=142214"}],"wp:term":[{"taxonomy":"category","embeddable":true,"href":"https:\/\/vinasfm.com\/noticias\/wp-json\/wp\/v2\/categories?post=142214"},{"taxonomy":"post_tag","embeddable":true,"href":"https:\/\/vinasfm.com\/noticias\/wp-json\/wp\/v2\/tags?post=142214"}],"curies":[{"name":"wp","href":"https:\/\/api.w.org\/{rel}","templated":true}]}}