{"id":142209,"date":"2024-12-03T18:16:01","date_gmt":"2024-12-03T21:16:01","guid":{"rendered":"https:\/\/vinasfm.com\/noticias\/?p=142209"},"modified":"2024-12-04T10:03:08","modified_gmt":"2024-12-04T13:03:08","slug":"quedo-inaugurado-el-nuevo-laboratorio-bromatologico-municipal","status":"publish","type":"post","link":"https:\/\/vinasfm.com\/noticias\/quedo-inaugurado-el-nuevo-laboratorio-bromatologico-municipal\/","title":{"rendered":"QUED\u00d3 INAUGURADO EL NUEVO LABORATORIO BROMATOL\u00d3GICO MUNICIPAL"},"content":{"rendered":"<h4><span style=\"color: #000000;\">Durante la ma\u00f1ana del martes\u00a0 se inaugur\u00f3 el nuevo laboratorio Bromatol\u00f3gico Municipal, con un enfoque en fortalecer los controles sanitarios y mejorar la calidad de los productos agroindustriales.<\/span><\/h4>\n<p><span style=\"color: #000000;\">El evento cont\u00f3 con la presencia del <em>Intendente Municipal<\/em>, <strong><span style=\"color: #003366;\">Alejandro Molero<\/span><\/strong>, el <em>Ministro de Producci\u00f3n<\/em>, <span style=\"color: #003366;\"><strong>Rodolfo Vargas Arizu<\/strong><\/span>, la <em>Presidente del HCD<\/em>, <span style=\"color: #003366;\"><strong>Alejandra Torti<\/strong><\/span>, como as\u00ed tambi\u00e9n funcionarios municipales y provinciales.<\/span><\/p>\n<p><span style=\"color: #000000;\">La remodelaci\u00f3n de este espacio, que ya se encuentra en funcionamiento, promete no solo optimizar la capacidad t\u00e9cnica y operativa, sino tambi\u00e9n consolidar el trabajo conjunto entre las autoridades locales y provinciales para asegurar la inocuidad alimentaria en la regi\u00f3n.<\/span><\/p>\n<p><span style=\"color: #000000;\"><span style=\"color: #003366;\"><strong>Hugo Molina,<\/strong><\/span> <em>Secretario de Desarrollo y Promoci\u00f3n Departamental<\/em>, destac\u00f3 la importancia de esta obra, resultado de un esfuerzo conjunto entre la <strong>Municipalidad y la Direcci\u00f3n de Control y Fiscalizaci\u00f3n de la provincia de Mendoza. <em>\u201cEstamos muy contentos que la provincia haya confiado en nosotros para llevar adelante esta remodelaci\u00f3n. El trabajo conjunto con los t\u00e9cnicos de cada instituci\u00f3n, generar\u00e1 mayor volumen de trabajo, mejor respuesta y tambi\u00e9n un salto de calidad, porque en la suma de los equipamientos vamos a llegar a mejores resultados\u201d<\/em><\/strong>, expres\u00f3 Molina.<\/span><\/p>\n<p><span style=\"color: #000000;\"><span style=\"color: #003366;\"><strong>Leandro Rold\u00e1n<\/strong><\/span>, Director de Fiscalizaci\u00f3n y Control del Ministerio de la Producci\u00f3n de la provincia, tambi\u00e9n particip\u00f3 del acto de inauguraci\u00f3n y resalt\u00f3 el impacto positivo que esta renovaci\u00f3n tendr\u00e1 sobre la industria agroindustrial local.<em><strong> \u00abEste trabajo conjunto es un gran paso para mejorar la infraestructura y las capacidades del municipio y de la provincia en lo que respecta a la industria de alimentos y bebidas. A partir de ahora, podremos acelerar los tiempos de an\u00e1lisis, procesar m\u00e1s muestras y ofrecer mayor tranquilidad a los consumidores de que los productos que salen al mercado son aptos para su consumo\u00bb<\/strong><\/em>, afirm\u00f3 Rold\u00e1n.<\/span><\/p>\n<p><span style=\"color: #000000;\">El Director de Fiscalizaci\u00f3n agreg\u00f3 que este laboratorio permitir\u00e1 a las empresas de la regi\u00f3n acceder a servicios anal\u00edticos adicionales seg\u00fan sus necesidades. <em><strong>\u00abAl potenciar las capacidades del municipio y la direcci\u00f3n, ahora contamos con mucho mejores condiciones para ofrecer servicios de alta calidad al sector agroindustrial. Adem\u00e1s, gracias al trabajo en conjunto con el sector privado, podremos sumar nuevos servicios a medida que la demanda lo requiera\u00bb<\/strong><\/em>, concluy\u00f3 Rold\u00e1n.<\/span><\/p>\n<p><span style=\"color: #000000;\">Con la inauguraci\u00f3n de este laboratorio, General Alvear se posiciona como un referente en la fiscalizaci\u00f3n y control de la producci\u00f3n agroindustrial, consolidando su compromiso con la seguridad alimentaria y el desarrollo del sector. La inversi\u00f3n en infraestructura y la colaboraci\u00f3n entre los distintos niveles de gobierno auguran un futuro prometedor para la industria local.<\/span><\/p>\n","protected":false},"excerpt":{"rendered":"<p>Durante la ma\u00f1ana del martes\u00a0 se inaugur\u00f3 el nuevo laboratorio Bromatol\u00f3gico Municipal, con un enfoque en fortalecer los controles sanitarios y &#8230;<\/p>\n","protected":false},"author":7,"featured_media":142210,"comment_status":"open","ping_status":"open","sticky":false,"template":"","format":"standard","meta":{"footnotes":""},"categories":[5,10],"tags":[],"class_list":["post-142209","post","type-post","status-publish","format-standard","has-post-thumbnail","hentry","category-actualidad","category-destacadas"],"_links":{"self":[{"href":"https:\/\/vinasfm.com\/noticias\/wp-json\/wp\/v2\/posts\/142209","targetHints":{"allow":["GET"]}}],"collection":[{"href":"https:\/\/vinasfm.com\/noticias\/wp-json\/wp\/v2\/posts"}],"about":[{"href":"https:\/\/vinasfm.com\/noticias\/wp-json\/wp\/v2\/types\/post"}],"author":[{"embeddable":true,"href":"https:\/\/vinasfm.com\/noticias\/wp-json\/wp\/v2\/users\/7"}],"replies":[{"embeddable":true,"href":"https:\/\/vinasfm.com\/noticias\/wp-json\/wp\/v2\/comments?post=142209"}],"version-history":[{"count":2,"href":"https:\/\/vinasfm.com\/noticias\/wp-json\/wp\/v2\/posts\/142209\/revisions"}],"predecessor-version":[{"id":142213,"href":"https:\/\/vinasfm.com\/noticias\/wp-json\/wp\/v2\/posts\/142209\/revisions\/142213"}],"wp:featuredmedia":[{"embeddable":true,"href":"https:\/\/vinasfm.com\/noticias\/wp-json\/wp\/v2\/media\/142210"}],"wp:attachment":[{"href":"https:\/\/vinasfm.com\/noticias\/wp-json\/wp\/v2\/media?parent=142209"}],"wp:term":[{"taxonomy":"category","embeddable":true,"href":"https:\/\/vinasfm.com\/noticias\/wp-json\/wp\/v2\/categories?post=142209"},{"taxonomy":"post_tag","embeddable":true,"href":"https:\/\/vinasfm.com\/noticias\/wp-json\/wp\/v2\/tags?post=142209"}],"curies":[{"name":"wp","href":"https:\/\/api.w.org\/{rel}","templated":true}]}}