{"id":142200,"date":"2024-12-03T11:14:47","date_gmt":"2024-12-03T14:14:47","guid":{"rendered":"https:\/\/vinasfm.com\/noticias\/?p=142200"},"modified":"2024-12-03T11:14:47","modified_gmt":"2024-12-03T14:14:47","slug":"aumento-la-tarifa-de-taxis-y-remises-asi-quedo-la-bajada-de-bandera","status":"publish","type":"post","link":"https:\/\/vinasfm.com\/noticias\/aumento-la-tarifa-de-taxis-y-remises-asi-quedo-la-bajada-de-bandera\/","title":{"rendered":"AUMENT\u00d3 LA TARIFA DE TAXIS Y REMISES: AS\u00cd QUED\u00d3 LA BAJADA DE BANDERA"},"content":{"rendered":"<h4><span style=\"color: #000000;\">Desde este martes, rige un nuevo valor en la tarifa de los taxis y remises de la provincia. Se trata de un incremento que se suma al realizado en octubre.<\/span><\/h4>\n<p><span style=\"color: #000000;\">El\u00a0Gobierno provincial confirm\u00f3 el aumento para las tarifas de\u00a0<strong>taxis<\/strong>\u00a0y remises que circulan en\u00a0Mendoza. Seg\u00fan indicaron desde las c\u00e1maras empresarias del sector, el incremento es del 23,5% en promedio y es parte del segundo aumento\u00a0que se hab\u00eda aprobado en octubre.<\/span><\/p>\n<p><span style=\"color: #000000;\">El nuevo aumento que comienza a regir a partir de hoy, fue anunciado semanas atr\u00e1s por las autoridades del EMOP\u00a0en respuesta a las solicitudes de los propietarios de\u00a0<strong>taxis<\/strong>\u00a0y remises. Seg\u00fan el informe t\u00e9cnico oficial que se someti\u00f3 a consulta p\u00fablica, tuvieron en cuenta la realidad econ\u00f3mica que enfrentan los permisionarios, as\u00ed como las diversas variables que afectan los costos del servicio.<\/span><\/p>\n<h2><span style=\"color: #000000;\">As\u00ed quedaron las tarifas<\/span><\/h2>\n<h3><span style=\"color: #000000;\"><em>Diurno<\/em><\/span><\/h3>\n<ul>\n<li><span style=\"color: #000000;\">Ficha: $ 61,00 (Pesos Sesenta y Uno con 00\/100)<\/span><\/li>\n<li><span style=\"color: #000000;\">Bajada de Bandera: $ 1.137,00 (Pesos Mil Ciento Treinta y Siete con 00\/100)<\/span><\/li>\n<li><span style=\"color: #000000;\">Cada minuto de espera: $ 61,00 (Pesos Sesenta y Uno con 00\/100)<\/span><\/li>\n<\/ul>\n<h3><span style=\"color: #000000;\"><em>Nocturno<\/em><\/span><\/h3>\n<ul>\n<li><span style=\"color: #000000;\">Ficha: $ 74,00 (Pesos Setenta y Cuatro con 00\/100)<\/span><\/li>\n<li><span style=\"color: #000000;\">Bajada de Bandera: $ 1.359,00 (Pesos Mil Trescientos Cincuenta y Nueve con 00\/100)<\/span><\/li>\n<li><span style=\"color: #000000;\">Cada minuto de espera: $ 74,00 (Pesos Setenta y Cuatro con 00\/100)<\/span><\/li>\n<\/ul>\n","protected":false},"excerpt":{"rendered":"<p>Desde este martes, rige un nuevo valor en la tarifa de los taxis y remises de la provincia. Se trata de &#8230;<\/p>\n","protected":false},"author":7,"featured_media":142201,"comment_status":"open","ping_status":"open","sticky":false,"template":"","format":"standard","meta":{"footnotes":""},"categories":[1],"tags":[],"class_list":["post-142200","post","type-post","status-publish","format-standard","has-post-thumbnail","hentry","category-fmvinas"],"_links":{"self":[{"href":"https:\/\/vinasfm.com\/noticias\/wp-json\/wp\/v2\/posts\/142200","targetHints":{"allow":["GET"]}}],"collection":[{"href":"https:\/\/vinasfm.com\/noticias\/wp-json\/wp\/v2\/posts"}],"about":[{"href":"https:\/\/vinasfm.com\/noticias\/wp-json\/wp\/v2\/types\/post"}],"author":[{"embeddable":true,"href":"https:\/\/vinasfm.com\/noticias\/wp-json\/wp\/v2\/users\/7"}],"replies":[{"embeddable":true,"href":"https:\/\/vinasfm.com\/noticias\/wp-json\/wp\/v2\/comments?post=142200"}],"version-history":[{"count":1,"href":"https:\/\/vinasfm.com\/noticias\/wp-json\/wp\/v2\/posts\/142200\/revisions"}],"predecessor-version":[{"id":142202,"href":"https:\/\/vinasfm.com\/noticias\/wp-json\/wp\/v2\/posts\/142200\/revisions\/142202"}],"wp:featuredmedia":[{"embeddable":true,"href":"https:\/\/vinasfm.com\/noticias\/wp-json\/wp\/v2\/media\/142201"}],"wp:attachment":[{"href":"https:\/\/vinasfm.com\/noticias\/wp-json\/wp\/v2\/media?parent=142200"}],"wp:term":[{"taxonomy":"category","embeddable":true,"href":"https:\/\/vinasfm.com\/noticias\/wp-json\/wp\/v2\/categories?post=142200"},{"taxonomy":"post_tag","embeddable":true,"href":"https:\/\/vinasfm.com\/noticias\/wp-json\/wp\/v2\/tags?post=142200"}],"curies":[{"name":"wp","href":"https:\/\/api.w.org\/{rel}","templated":true}]}}